{"id":9464,"date":"2025-02-04T09:00:00","date_gmt":"2025-02-04T08:00:00","guid":{"rendered":"https:\/\/www.coffeemakers.de\/wpcm\/?p=9464"},"modified":"2025-02-04T09:05:29","modified_gmt":"2025-02-04T08:05:29","slug":"krups-zeitraum-des-kaffeemahlens-verkuerzt-sich","status":"publish","type":"post","link":"https:\/\/www.coffeemakers.de\/wpcm\/krups-zeitraum-des-kaffeemahlens-verkuerzt-sich\/","title":{"rendered":"Krups: Zeitraum des Kaffeemahlens verk\u00fcrzt sich"},"content":{"rendered":"\n<p><strong>Verk\u00fcrzt sich die Dauer des Mahlvorgangs bei einem Kaffeevollautomaten, hat das Ergebnis oft nur noch wenig mit Kaffee zu tun.<\/strong><\/p>\n\n\n\n<!--more-->\n\n\n\n<p><strong>Problembeschreibung:<\/strong> Bei einem Kaffeevollautomaten von Krups dauert der Mahlvorgang f\u00fcr eine Portion Kaffee in der Regel zwischen sechs und sieben Sekunden. Hin und wieder kommt es aber vor, dass sich diese Mahlzeit deutlich verk\u00fcrzt. Im vorliegenden Fall mahlt der Automat nicht einmal mehr drei Sekunden lang. Das Ergebnis hat mit Kaffee dann nur noch wenig zu tun, und \u00e4hnelt eher gef\u00e4rbtem Wasser.<\/p>\n\n\n\n<div class=\"wp-block-image\"><figure class=\"alignright size-full is-resized\"><img loading=\"lazy\" decoding=\"async\" src=\"https:\/\/www.coffeemakers.de\/wpcm\/wp-content\/uploads\/2025\/01\/plantine-krups.jpg\" alt=\"Platine eines Kaffeevollautomaten von Krups\" class=\"wp-image-9465\" width=\"359\" height=\"248\" srcset=\"https:\/\/www.coffeemakers.de\/wpcm\/wp-content\/uploads\/2025\/01\/plantine-krups.jpg 717w, https:\/\/www.coffeemakers.de\/wpcm\/wp-content\/uploads\/2025\/01\/plantine-krups-300x208.jpg 300w, https:\/\/www.coffeemakers.de\/wpcm\/wp-content\/uploads\/2025\/01\/plantine-krups-361x250.jpg 361w\" sizes=\"auto, (max-width: 359px) 100vw, 359px\" \/><\/figure><\/div>\n\n\n\n<p><strong>L\u00f6sungsvorschl\u00e4ge:<\/strong> Aus Erfahrung wei\u00df unser Partner von <a href=\"https:\/\/www.onlinehelpnoproblem.at\/en\"><strong>OnlineHelpNoProblem<\/strong><\/a>, dass die Verk\u00fcrzung der Zeit des Mahlvorgangs durch den Austausch der Steuerungsplatine (siehe Bild) korrigierbar ist.<\/p>\n\n\n\n<p>Im Video sehen Sie Schritt f\u00fcr Schritt wie der Krups-Automat auseinandergebaut werden muss, um die Platine auswechseln zu k\u00f6nnen. Und nat\u00fcrlich wird auch der Austausch selbst im Detail erkl\u00e4rt. Achten Sie beim Einbau der neuen Platine bitte darauf, dass alle Anschl\u00fcsse wieder richtig gesetzt werden.<\/p>\n\n\n\n<p>Der wahrscheinliche Grund f\u00fcr das Herabsetzen wird beim Zusammenbau allerdings \u00fcberdeutlich, der Kaffeevollautomat hat dringend eine Entkalkung n\u00f6tig. Neben dem \u00fcblichen Entkalkungsvorgang war es hier auch n\u00f6tig sich die Schl\u00e4uche einmal genauer anzusehen und ganze Kalkbrocken aus ihnen zu entfernen. Aber auch Flowmeter und das Drainageventil waren so stark verkalkt, dass beide separat entkalkt werden mussten. Auf diese Weise verhindern Sie, dass der Fehler nach kurzer Zeit erneut auftritt.<\/p>\n\n\n\n<p>Im folgenden Video sehen Sie noch einmal ganz genau, wie man dabei am besten vorgeht:<\/p>\n\n\n\n<iframe loading=\"lazy\" width=\"100%\" height=\"515\" src=\"https:\/\/www.youtube-nocookie.com\/embed\/tCltDvfF1fY?si=I1V8LV4qpC6E1hJu\" title=\"YouTube video player\" frameborder=\"0\" allow=\"accelerometer; autoplay; clipboard-write; encrypted-media; gyroscope; picture-in-picture; web-share\" referrerpolicy=\"strict-origin-when-cross-origin\" allowfullscreen><\/iframe>\n\n\n<h2 class=\"wp-block-heading\" id=\"diese-produkte-helfen-ihnen-weiter\">Diese Produkte helfen Ihnen weiter:<\/h2>\n\n\n<div class=\"wp-block-columns is-layout-flex wp-container-core-columns-is-layout-9d6595d7 wp-block-columns-is-layout-flex\">\n<div class=\"wp-block-column is-layout-flow wp-block-column-is-layout-flow\">\n<figure class=\"wp-block-image size-full\"><a href=\"https:\/\/www.coffeemakers.de\/Durgol-Spezial-Entkalker-swiss-espresso\"><img loading=\"lazy\" decoding=\"async\" width=\"800\" height=\"800\" src=\"https:\/\/www.coffeemakers.de\/wpcm\/wp-content\/uploads\/2024\/10\/durgol-spezial-entkalker-swiss-espresso.jpg\" alt=\"durgol Spezialentaklker\" class=\"wp-image-9331\" srcset=\"https:\/\/www.coffeemakers.de\/wpcm\/wp-content\/uploads\/2024\/10\/durgol-spezial-entkalker-swiss-espresso.jpg 800w, https:\/\/www.coffeemakers.de\/wpcm\/wp-content\/uploads\/2024\/10\/durgol-spezial-entkalker-swiss-espresso-300x300.jpg 300w, https:\/\/www.coffeemakers.de\/wpcm\/wp-content\/uploads\/2024\/10\/durgol-spezial-entkalker-swiss-espresso-150x150.jpg 150w, https:\/\/www.coffeemakers.de\/wpcm\/wp-content\/uploads\/2024\/10\/durgol-spezial-entkalker-swiss-espresso-768x768.jpg 768w, https:\/\/www.coffeemakers.de\/wpcm\/wp-content\/uploads\/2024\/10\/durgol-spezial-entkalker-swiss-espresso-250x250.jpg 250w\" sizes=\"auto, (max-width: 800px) 100vw, 800px\" \/><\/a><\/figure>\n\n\n\n<form action=\"https:\/\/www.coffeemakers.de\" method=\"post\" target=\"_blank\">\n    <input type=\"hidden\" name=\"ndArtNr\" value=\"1075000780\">\n    <input type=\"hidden\" name=\"ndAnzahl\" value=\"1\">\n<button class=\"btn-warenkorb\" type=\"submit\">Direkt in den Warenkorb legen<\/button>\n<\/form>\n<p style=\"text-align:center;\"><a href=\"https:\/\/www.coffeemakers.de\/Durgol-Spezial-Entkalker-swiss-espresso\" alt=\"Mehr Informationen\">im Online-Shop ansehen<\/a><\/p>\n<\/div>\n\n\n\n<div class=\"wp-block-column is-layout-flow wp-block-column-is-layout-flow\">\n<figure class=\"wp-block-image size-full\"><a href=\"https:\/\/www.coffeemakers.de\/krups-reparatur-dichtungsset-046\"><img loading=\"lazy\" decoding=\"async\" width=\"800\" height=\"800\" src=\"https:\/\/www.coffeemakers.de\/wpcm\/wp-content\/uploads\/2025\/01\/krups-reparatur-dichtungsset-046.jpg\" alt=\"Dichtungsset f\u00fcr Krups-Kaffeevollautomaten\" class=\"wp-image-9470\" srcset=\"https:\/\/www.coffeemakers.de\/wpcm\/wp-content\/uploads\/2025\/01\/krups-reparatur-dichtungsset-046.jpg 800w, https:\/\/www.coffeemakers.de\/wpcm\/wp-content\/uploads\/2025\/01\/krups-reparatur-dichtungsset-046-300x300.jpg 300w, https:\/\/www.coffeemakers.de\/wpcm\/wp-content\/uploads\/2025\/01\/krups-reparatur-dichtungsset-046-150x150.jpg 150w, https:\/\/www.coffeemakers.de\/wpcm\/wp-content\/uploads\/2025\/01\/krups-reparatur-dichtungsset-046-768x768.jpg 768w, https:\/\/www.coffeemakers.de\/wpcm\/wp-content\/uploads\/2025\/01\/krups-reparatur-dichtungsset-046-250x250.jpg 250w\" sizes=\"auto, (max-width: 800px) 100vw, 800px\" \/><\/a><\/figure>\n\n\n\n<form action=\"https:\/\/www.coffeemakers.de\" method=\"post\" target=\"_blank\">\n    <input type=\"hidden\" name=\"ndArtNr\" value=\"000046K\">\n    <input type=\"hidden\" name=\"ndAnzahl\" value=\"1\">\n<button class=\"btn-warenkorb\" type=\"submit\">Direkt in den Warenkorb legen<\/button>\n<\/form>\n<p style=\"text-align:center;\"><a href=\"https:\/\/www.coffeemakers.de\/krups-reparatur-dichtungsset-046\" alt=\"Mehr Informationen\">im Online-Shop ansehen<\/a><\/p>\n\n\n\n<p><\/p>\n<\/div>\n<\/div>\n","protected":false},"excerpt":{"rendered":"<p>Verk\u00fcrzt sich die Dauer des Mahlvorgangs bei einem Kaffeevollautomaten, hat das Ergebnis oft nur noch wenig mit Kaffee zu tun.<\/p>\n","protected":false},"author":3,"featured_media":5227,"comment_status":"closed","ping_status":"closed","sticky":false,"template":"","format":"standard","meta":{"footnotes":""},"categories":[71],"tags":[],"class_list":["post-9464","post","type-post","status-publish","format-standard","has-post-thumbnail","hentry","category-coffeemakers-magazin"],"yoast_head":"<!-- This site is optimized with the Yoast SEO plugin v27.3 - https:\/\/yoast.com\/product\/yoast-seo-wordpress\/ -->\n<title>Krups: Zeitraum des Kaffeemahlens verk\u00fcrzt sich<\/title>\n<meta name=\"description\" content=\"Verk\u00fcrzt sich die Dauer des Mahlvorgangs bei einem Kaffeevollautomaten, hat das Ergebnis oft nur noch wenig mit Kaffee zu tun.\" \/>\n<meta name=\"robots\" content=\"index, follow, max-snippet:-1, max-image-preview:large, max-video-preview:-1\" \/>\n<link rel=\"canonical\" href=\"https:\/\/www.coffeemakers.de\/wpcm\/krups-zeitraum-des-kaffeemahlens-verkuerzt-sich\/\" \/>\n<meta property=\"og:locale\" content=\"de_DE\" \/>\n<meta property=\"og:type\" content=\"article\" \/>\n<meta property=\"og:title\" content=\"Krups: Zeitraum des Kaffeemahlens verk\u00fcrzt sich\" \/>\n<meta property=\"og:description\" content=\"Verk\u00fcrzt sich die Dauer des Mahlvorgangs bei einem Kaffeevollautomaten, hat das Ergebnis oft nur noch wenig mit Kaffee zu tun.\" \/>\n<meta property=\"og:url\" content=\"https:\/\/www.coffeemakers.de\/wpcm\/krups-zeitraum-des-kaffeemahlens-verkuerzt-sich\/\" \/>\n<meta property=\"og:site_name\" content=\"Coffeemakers Magazin\" \/>\n<meta property=\"article:published_time\" content=\"2025-02-04T08:00:00+00:00\" \/>\n<meta property=\"article:modified_time\" content=\"2025-02-04T08:05:29+00:00\" \/>\n<meta property=\"og:image\" content=\"https:\/\/www.coffeemakers.de\/wpcm\/wp-content\/uploads\/2015\/09\/cm-faq-kaffeevollautomaten.jpg\" \/>\n\t<meta property=\"og:image:width\" content=\"1024\" \/>\n\t<meta property=\"og:image:height\" content=\"380\" \/>\n\t<meta property=\"og:image:type\" content=\"image\/jpeg\" \/>\n<meta name=\"author\" content=\"Coffeemakers Redaktion\" \/>\n<meta name=\"twitter:card\" content=\"summary_large_image\" \/>\n<meta name=\"twitter:label1\" content=\"Verfasst von\" \/>\n\t<meta name=\"twitter:data1\" content=\"Coffeemakers Redaktion\" \/>\n\t<meta name=\"twitter:label2\" content=\"Gesch\u00e4tzte Lesezeit\" \/>\n\t<meta name=\"twitter:data2\" content=\"3\u00a0Minuten\" \/>\n<script type=\"application\/ld+json\" class=\"yoast-schema-graph\">{\"@context\":\"https:\\\/\\\/schema.org\",\"@graph\":[{\"@type\":\"Article\",\"@id\":\"https:\\\/\\\/www.coffeemakers.de\\\/wpcm\\\/krups-zeitraum-des-kaffeemahlens-verkuerzt-sich\\\/#article\",\"isPartOf\":{\"@id\":\"https:\\\/\\\/www.coffeemakers.de\\\/wpcm\\\/krups-zeitraum-des-kaffeemahlens-verkuerzt-sich\\\/\"},\"author\":{\"name\":\"Coffeemakers Redaktion\",\"@id\":\"https:\\\/\\\/www.coffeemakers.de\\\/wpcm\\\/#\\\/schema\\\/person\\\/982e146c82954ad9882cc636b386af81\"},\"headline\":\"Krups: Zeitraum des Kaffeemahlens verk\u00fcrzt sich\",\"datePublished\":\"2025-02-04T08:00:00+00:00\",\"dateModified\":\"2025-02-04T08:05:29+00:00\",\"mainEntityOfPage\":{\"@id\":\"https:\\\/\\\/www.coffeemakers.de\\\/wpcm\\\/krups-zeitraum-des-kaffeemahlens-verkuerzt-sich\\\/\"},\"wordCount\":279,\"publisher\":{\"@id\":\"https:\\\/\\\/www.coffeemakers.de\\\/wpcm\\\/#organization\"},\"image\":{\"@id\":\"https:\\\/\\\/www.coffeemakers.de\\\/wpcm\\\/krups-zeitraum-des-kaffeemahlens-verkuerzt-sich\\\/#primaryimage\"},\"thumbnailUrl\":\"https:\\\/\\\/www.coffeemakers.de\\\/wpcm\\\/wp-content\\\/uploads\\\/2015\\\/09\\\/cm-faq-kaffeevollautomaten.jpg\",\"articleSection\":[\"Coffeemakers Magazin\"],\"inLanguage\":\"de\"},{\"@type\":\"WebPage\",\"@id\":\"https:\\\/\\\/www.coffeemakers.de\\\/wpcm\\\/krups-zeitraum-des-kaffeemahlens-verkuerzt-sich\\\/\",\"url\":\"https:\\\/\\\/www.coffeemakers.de\\\/wpcm\\\/krups-zeitraum-des-kaffeemahlens-verkuerzt-sich\\\/\",\"name\":\"Krups: Zeitraum des Kaffeemahlens verk\u00fcrzt sich\",\"isPartOf\":{\"@id\":\"https:\\\/\\\/www.coffeemakers.de\\\/wpcm\\\/#website\"},\"primaryImageOfPage\":{\"@id\":\"https:\\\/\\\/www.coffeemakers.de\\\/wpcm\\\/krups-zeitraum-des-kaffeemahlens-verkuerzt-sich\\\/#primaryimage\"},\"image\":{\"@id\":\"https:\\\/\\\/www.coffeemakers.de\\\/wpcm\\\/krups-zeitraum-des-kaffeemahlens-verkuerzt-sich\\\/#primaryimage\"},\"thumbnailUrl\":\"https:\\\/\\\/www.coffeemakers.de\\\/wpcm\\\/wp-content\\\/uploads\\\/2015\\\/09\\\/cm-faq-kaffeevollautomaten.jpg\",\"datePublished\":\"2025-02-04T08:00:00+00:00\",\"dateModified\":\"2025-02-04T08:05:29+00:00\",\"description\":\"Verk\u00fcrzt sich die Dauer des Mahlvorgangs bei einem Kaffeevollautomaten, hat das Ergebnis oft nur noch wenig mit Kaffee zu tun.\",\"breadcrumb\":{\"@id\":\"https:\\\/\\\/www.coffeemakers.de\\\/wpcm\\\/krups-zeitraum-des-kaffeemahlens-verkuerzt-sich\\\/#breadcrumb\"},\"inLanguage\":\"de\",\"potentialAction\":[{\"@type\":\"ReadAction\",\"target\":[\"https:\\\/\\\/www.coffeemakers.de\\\/wpcm\\\/krups-zeitraum-des-kaffeemahlens-verkuerzt-sich\\\/\"]}]},{\"@type\":\"ImageObject\",\"inLanguage\":\"de\",\"@id\":\"https:\\\/\\\/www.coffeemakers.de\\\/wpcm\\\/krups-zeitraum-des-kaffeemahlens-verkuerzt-sich\\\/#primaryimage\",\"url\":\"https:\\\/\\\/www.coffeemakers.de\\\/wpcm\\\/wp-content\\\/uploads\\\/2015\\\/09\\\/cm-faq-kaffeevollautomaten.jpg\",\"contentUrl\":\"https:\\\/\\\/www.coffeemakers.de\\\/wpcm\\\/wp-content\\\/uploads\\\/2015\\\/09\\\/cm-faq-kaffeevollautomaten.jpg\",\"width\":1024,\"height\":380},{\"@type\":\"BreadcrumbList\",\"@id\":\"https:\\\/\\\/www.coffeemakers.de\\\/wpcm\\\/krups-zeitraum-des-kaffeemahlens-verkuerzt-sich\\\/#breadcrumb\",\"itemListElement\":[{\"@type\":\"ListItem\",\"position\":1,\"name\":\"Startseite\",\"item\":\"https:\\\/\\\/www.coffeemakers.de\\\/wpcm\\\/\"},{\"@type\":\"ListItem\",\"position\":2,\"name\":\"Krups: Zeitraum des Kaffeemahlens verk\u00fcrzt sich\"}]},{\"@type\":\"WebSite\",\"@id\":\"https:\\\/\\\/www.coffeemakers.de\\\/wpcm\\\/#website\",\"url\":\"https:\\\/\\\/www.coffeemakers.de\\\/wpcm\\\/\",\"name\":\"Coffeemakers Magazin\",\"description\":\"\",\"publisher\":{\"@id\":\"https:\\\/\\\/www.coffeemakers.de\\\/wpcm\\\/#organization\"},\"potentialAction\":[{\"@type\":\"SearchAction\",\"target\":{\"@type\":\"EntryPoint\",\"urlTemplate\":\"https:\\\/\\\/www.coffeemakers.de\\\/wpcm\\\/?s={search_term_string}\"},\"query-input\":{\"@type\":\"PropertyValueSpecification\",\"valueRequired\":true,\"valueName\":\"search_term_string\"}}],\"inLanguage\":\"de\"},{\"@type\":\"Organization\",\"@id\":\"https:\\\/\\\/www.coffeemakers.de\\\/wpcm\\\/#organization\",\"name\":\"Coffeemakers Magazin\",\"url\":\"https:\\\/\\\/www.coffeemakers.de\\\/wpcm\\\/\",\"logo\":{\"@type\":\"ImageObject\",\"inLanguage\":\"de\",\"@id\":\"https:\\\/\\\/www.coffeemakers.de\\\/wpcm\\\/#\\\/schema\\\/logo\\\/image\\\/\",\"url\":\"https:\\\/\\\/www.coffeemakers.de\\\/wpcm\\\/wp-content\\\/uploads\\\/2023\\\/06\\\/coffeemakers-logo-2018.png\",\"contentUrl\":\"https:\\\/\\\/www.coffeemakers.de\\\/wpcm\\\/wp-content\\\/uploads\\\/2023\\\/06\\\/coffeemakers-logo-2018.png\",\"width\":2723,\"height\":2723,\"caption\":\"Coffeemakers Magazin\"},\"image\":{\"@id\":\"https:\\\/\\\/www.coffeemakers.de\\\/wpcm\\\/#\\\/schema\\\/logo\\\/image\\\/\"}},{\"@type\":\"Person\",\"@id\":\"https:\\\/\\\/www.coffeemakers.de\\\/wpcm\\\/#\\\/schema\\\/person\\\/982e146c82954ad9882cc636b386af81\",\"name\":\"Coffeemakers Redaktion\",\"image\":{\"@type\":\"ImageObject\",\"inLanguage\":\"de\",\"@id\":\"https:\\\/\\\/www.coffeemakers.de\\\/wpcm\\\/wp-content\\\/uploads\\\/2023\\\/06\\\/cropped-cropped-coffeemakers-logo-2018-96x96.png\",\"url\":\"https:\\\/\\\/www.coffeemakers.de\\\/wpcm\\\/wp-content\\\/uploads\\\/2023\\\/06\\\/cropped-cropped-coffeemakers-logo-2018-96x96.png\",\"contentUrl\":\"https:\\\/\\\/www.coffeemakers.de\\\/wpcm\\\/wp-content\\\/uploads\\\/2023\\\/06\\\/cropped-cropped-coffeemakers-logo-2018-96x96.png\",\"caption\":\"Coffeemakers Redaktion\"},\"description\":\"Die Redaktion von Coffeemakers.de liefert ihnen alle Daten, Fakten und Hintergrundinfos, die ein Kaffeeliebhaber und stolzer Besitzer eines Kaffeevollautomaten braucht. Egal ob es dabei um den Kaffee selbst geht, seine Zubereitung, was gerade auf dem Markt f\u00fcr Kaffeevollautomaten los ist oder wie Sie dank guter Wartung und Pflege lange Freude an ihrem eigenen Ger\u00e4t haben.\",\"url\":\"https:\\\/\\\/www.coffeemakers.de\\\/wpcm\\\/author\\\/coffeemakers\\\/\"}]}<\/script>\n<!-- \/ Yoast SEO plugin. -->","yoast_head_json":{"title":"Krups: Zeitraum des Kaffeemahlens verk\u00fcrzt sich","description":"Verk\u00fcrzt sich die Dauer des Mahlvorgangs bei einem Kaffeevollautomaten, hat das Ergebnis oft nur noch wenig mit Kaffee zu tun.","robots":{"index":"index","follow":"follow","max-snippet":"max-snippet:-1","max-image-preview":"max-image-preview:large","max-video-preview":"max-video-preview:-1"},"canonical":"https:\/\/www.coffeemakers.de\/wpcm\/krups-zeitraum-des-kaffeemahlens-verkuerzt-sich\/","og_locale":"de_DE","og_type":"article","og_title":"Krups: Zeitraum des Kaffeemahlens verk\u00fcrzt sich","og_description":"Verk\u00fcrzt sich die Dauer des Mahlvorgangs bei einem Kaffeevollautomaten, hat das Ergebnis oft nur noch wenig mit Kaffee zu tun.","og_url":"https:\/\/www.coffeemakers.de\/wpcm\/krups-zeitraum-des-kaffeemahlens-verkuerzt-sich\/","og_site_name":"Coffeemakers Magazin","article_published_time":"2025-02-04T08:00:00+00:00","article_modified_time":"2025-02-04T08:05:29+00:00","og_image":[{"width":1024,"height":380,"url":"https:\/\/www.coffeemakers.de\/wpcm\/wp-content\/uploads\/2015\/09\/cm-faq-kaffeevollautomaten.jpg","type":"image\/jpeg"}],"author":"Coffeemakers Redaktion","twitter_card":"summary_large_image","twitter_misc":{"Verfasst von":"Coffeemakers Redaktion","Gesch\u00e4tzte Lesezeit":"3\u00a0Minuten"},"schema":{"@context":"https:\/\/schema.org","@graph":[{"@type":"Article","@id":"https:\/\/www.coffeemakers.de\/wpcm\/krups-zeitraum-des-kaffeemahlens-verkuerzt-sich\/#article","isPartOf":{"@id":"https:\/\/www.coffeemakers.de\/wpcm\/krups-zeitraum-des-kaffeemahlens-verkuerzt-sich\/"},"author":{"name":"Coffeemakers Redaktion","@id":"https:\/\/www.coffeemakers.de\/wpcm\/#\/schema\/person\/982e146c82954ad9882cc636b386af81"},"headline":"Krups: Zeitraum des Kaffeemahlens verk\u00fcrzt sich","datePublished":"2025-02-04T08:00:00+00:00","dateModified":"2025-02-04T08:05:29+00:00","mainEntityOfPage":{"@id":"https:\/\/www.coffeemakers.de\/wpcm\/krups-zeitraum-des-kaffeemahlens-verkuerzt-sich\/"},"wordCount":279,"publisher":{"@id":"https:\/\/www.coffeemakers.de\/wpcm\/#organization"},"image":{"@id":"https:\/\/www.coffeemakers.de\/wpcm\/krups-zeitraum-des-kaffeemahlens-verkuerzt-sich\/#primaryimage"},"thumbnailUrl":"https:\/\/www.coffeemakers.de\/wpcm\/wp-content\/uploads\/2015\/09\/cm-faq-kaffeevollautomaten.jpg","articleSection":["Coffeemakers Magazin"],"inLanguage":"de"},{"@type":"WebPage","@id":"https:\/\/www.coffeemakers.de\/wpcm\/krups-zeitraum-des-kaffeemahlens-verkuerzt-sich\/","url":"https:\/\/www.coffeemakers.de\/wpcm\/krups-zeitraum-des-kaffeemahlens-verkuerzt-sich\/","name":"Krups: Zeitraum des Kaffeemahlens verk\u00fcrzt sich","isPartOf":{"@id":"https:\/\/www.coffeemakers.de\/wpcm\/#website"},"primaryImageOfPage":{"@id":"https:\/\/www.coffeemakers.de\/wpcm\/krups-zeitraum-des-kaffeemahlens-verkuerzt-sich\/#primaryimage"},"image":{"@id":"https:\/\/www.coffeemakers.de\/wpcm\/krups-zeitraum-des-kaffeemahlens-verkuerzt-sich\/#primaryimage"},"thumbnailUrl":"https:\/\/www.coffeemakers.de\/wpcm\/wp-content\/uploads\/2015\/09\/cm-faq-kaffeevollautomaten.jpg","datePublished":"2025-02-04T08:00:00+00:00","dateModified":"2025-02-04T08:05:29+00:00","description":"Verk\u00fcrzt sich die Dauer des Mahlvorgangs bei einem Kaffeevollautomaten, hat das Ergebnis oft nur noch wenig mit Kaffee zu tun.","breadcrumb":{"@id":"https:\/\/www.coffeemakers.de\/wpcm\/krups-zeitraum-des-kaffeemahlens-verkuerzt-sich\/#breadcrumb"},"inLanguage":"de","potentialAction":[{"@type":"ReadAction","target":["https:\/\/www.coffeemakers.de\/wpcm\/krups-zeitraum-des-kaffeemahlens-verkuerzt-sich\/"]}]},{"@type":"ImageObject","inLanguage":"de","@id":"https:\/\/www.coffeemakers.de\/wpcm\/krups-zeitraum-des-kaffeemahlens-verkuerzt-sich\/#primaryimage","url":"https:\/\/www.coffeemakers.de\/wpcm\/wp-content\/uploads\/2015\/09\/cm-faq-kaffeevollautomaten.jpg","contentUrl":"https:\/\/www.coffeemakers.de\/wpcm\/wp-content\/uploads\/2015\/09\/cm-faq-kaffeevollautomaten.jpg","width":1024,"height":380},{"@type":"BreadcrumbList","@id":"https:\/\/www.coffeemakers.de\/wpcm\/krups-zeitraum-des-kaffeemahlens-verkuerzt-sich\/#breadcrumb","itemListElement":[{"@type":"ListItem","position":1,"name":"Startseite","item":"https:\/\/www.coffeemakers.de\/wpcm\/"},{"@type":"ListItem","position":2,"name":"Krups: Zeitraum des Kaffeemahlens verk\u00fcrzt sich"}]},{"@type":"WebSite","@id":"https:\/\/www.coffeemakers.de\/wpcm\/#website","url":"https:\/\/www.coffeemakers.de\/wpcm\/","name":"Coffeemakers Magazin","description":"","publisher":{"@id":"https:\/\/www.coffeemakers.de\/wpcm\/#organization"},"potentialAction":[{"@type":"SearchAction","target":{"@type":"EntryPoint","urlTemplate":"https:\/\/www.coffeemakers.de\/wpcm\/?s={search_term_string}"},"query-input":{"@type":"PropertyValueSpecification","valueRequired":true,"valueName":"search_term_string"}}],"inLanguage":"de"},{"@type":"Organization","@id":"https:\/\/www.coffeemakers.de\/wpcm\/#organization","name":"Coffeemakers Magazin","url":"https:\/\/www.coffeemakers.de\/wpcm\/","logo":{"@type":"ImageObject","inLanguage":"de","@id":"https:\/\/www.coffeemakers.de\/wpcm\/#\/schema\/logo\/image\/","url":"https:\/\/www.coffeemakers.de\/wpcm\/wp-content\/uploads\/2023\/06\/coffeemakers-logo-2018.png","contentUrl":"https:\/\/www.coffeemakers.de\/wpcm\/wp-content\/uploads\/2023\/06\/coffeemakers-logo-2018.png","width":2723,"height":2723,"caption":"Coffeemakers Magazin"},"image":{"@id":"https:\/\/www.coffeemakers.de\/wpcm\/#\/schema\/logo\/image\/"}},{"@type":"Person","@id":"https:\/\/www.coffeemakers.de\/wpcm\/#\/schema\/person\/982e146c82954ad9882cc636b386af81","name":"Coffeemakers Redaktion","image":{"@type":"ImageObject","inLanguage":"de","@id":"https:\/\/www.coffeemakers.de\/wpcm\/wp-content\/uploads\/2023\/06\/cropped-cropped-coffeemakers-logo-2018-96x96.png","url":"https:\/\/www.coffeemakers.de\/wpcm\/wp-content\/uploads\/2023\/06\/cropped-cropped-coffeemakers-logo-2018-96x96.png","contentUrl":"https:\/\/www.coffeemakers.de\/wpcm\/wp-content\/uploads\/2023\/06\/cropped-cropped-coffeemakers-logo-2018-96x96.png","caption":"Coffeemakers Redaktion"},"description":"Die Redaktion von Coffeemakers.de liefert ihnen alle Daten, Fakten und Hintergrundinfos, die ein Kaffeeliebhaber und stolzer Besitzer eines Kaffeevollautomaten braucht. Egal ob es dabei um den Kaffee selbst geht, seine Zubereitung, was gerade auf dem Markt f\u00fcr Kaffeevollautomaten los ist oder wie Sie dank guter Wartung und Pflege lange Freude an ihrem eigenen Ger\u00e4t haben.","url":"https:\/\/www.coffeemakers.de\/wpcm\/author\/coffeemakers\/"}]}},"_links":{"self":[{"href":"https:\/\/www.coffeemakers.de\/wpcm\/wp-json\/wp\/v2\/posts\/9464","targetHints":{"allow":["GET"]}}],"collection":[{"href":"https:\/\/www.coffeemakers.de\/wpcm\/wp-json\/wp\/v2\/posts"}],"about":[{"href":"https:\/\/www.coffeemakers.de\/wpcm\/wp-json\/wp\/v2\/types\/post"}],"author":[{"embeddable":true,"href":"https:\/\/www.coffeemakers.de\/wpcm\/wp-json\/wp\/v2\/users\/3"}],"replies":[{"embeddable":true,"href":"https:\/\/www.coffeemakers.de\/wpcm\/wp-json\/wp\/v2\/comments?post=9464"}],"version-history":[{"count":3,"href":"https:\/\/www.coffeemakers.de\/wpcm\/wp-json\/wp\/v2\/posts\/9464\/revisions"}],"predecessor-version":[{"id":9471,"href":"https:\/\/www.coffeemakers.de\/wpcm\/wp-json\/wp\/v2\/posts\/9464\/revisions\/9471"}],"wp:featuredmedia":[{"embeddable":true,"href":"https:\/\/www.coffeemakers.de\/wpcm\/wp-json\/wp\/v2\/media\/5227"}],"wp:attachment":[{"href":"https:\/\/www.coffeemakers.de\/wpcm\/wp-json\/wp\/v2\/media?parent=9464"}],"wp:term":[{"taxonomy":"category","embeddable":true,"href":"https:\/\/www.coffeemakers.de\/wpcm\/wp-json\/wp\/v2\/categories?post=9464"},{"taxonomy":"post_tag","embeddable":true,"href":"https:\/\/www.coffeemakers.de\/wpcm\/wp-json\/wp\/v2\/tags?post=9464"}],"curies":[{"name":"wp","href":"https:\/\/api.w.org\/{rel}","templated":true}]}}