{"id":8013,"date":"2023-08-17T11:04:00","date_gmt":"2023-08-17T09:04:00","guid":{"rendered":"https:\/\/www.coffeemakers.de\/wpcm\/?p=8013"},"modified":"2023-08-07T11:11:43","modified_gmt":"2023-08-07T09:11:43","slug":"ifa-highlights-die-neueste-jura-e8-fortschritt-oder-fehltritt","status":"publish","type":"post","link":"https:\/\/www.coffeemakers.de\/wpcm\/ifa-highlights-die-neueste-jura-e8-fortschritt-oder-fehltritt\/","title":{"rendered":"IFA Highlights: Die neueste Jura E8 &#8211; Fortschritt oder Fehltritt?"},"content":{"rendered":"\n<p><strong>In wenigen Tagen er\u00f6ffnete die IFA 2023. Welche Neuigkeiten h\u00e4lt Jura f\u00fcr seine Kunden bereit? Wir haben nachgefragt.<\/strong><\/p>\n\n\n\n<!--more-->\n\n\n\n<p>Vom 1. bis 5. September ist es wieder so weit, die IFA \u00f6ffnet ihre Tore in Berlin. Was vor Jahrzehnte noch als Funkausstellung begann, ist heute eine der weltweit gr\u00f6\u00dften Verbrauchermessen f\u00fcr Haushaltsger\u00e4te.<\/p>\n\n\n\n<p>Aus diesem Grund ist die IFA schon lange auch ein Pflichttermin f\u00fcr Kaffeeliebhaber, die sich \u00fcber die neuesten Entwicklungen auf dem Markt f\u00fcr Kaffeevollautomaten auf dem Laufenden halten m\u00f6chten. Schlie\u00dflich bringen immer wieder namhafte Hersteller zur IFA neue Ger\u00e4te heraus oder verpassen bestehenden Modellen ein Update.<\/p>\n\n\n<h2 class=\"wp-block-heading\" id=\"jura-e8-bekommt-ein-update\">Jura E8 bekommt ein Update<\/h2>\n\n\n<p>Dazu geh\u00f6rt 2023 erneut auch der Kaffeevollautomatenproduzent Jura. Die Schweizer haben mit der Jura E8 einem ihrer beliebtesten Mittelklasseautomaten zur IFA 2023 einen n\u00e4chsten Generationsschritt spendiert. Dazu wurden das Mahlwerk P.A.G.2 \u00fcberarbeitet und die E8 um die Farbdesign Piano White Dark Inox erweitert.<\/p>\n\n\n\n<p>Ein markantes technisches Merkmal der neuesten Generation des E8-Modells von Jura ist das innovative P.A.G.2-Mahlwerk. Benutzer k\u00f6nnen den Mahlgrad durch einen benutzerfreundlichen Wahlhebel nach Belieben anpassen. Das Mahlwerk wird bewusst in Ruhephasen zwischen den Zubereitungen entlastet, was seine Langlebigkeit und Abnutzungsresistenz erheblich erh\u00f6ht. Die besonders ger\u00e4uscharme Br\u00fcheinheit, ausgestattet mit einer einzigartigen 3D-Br\u00fchtechnologie der achten Generation, sorgt daf\u00fcr, dass immer das beste Mahlgut extrahiert wird. Jura nutzt die modernsten Technologien, um sicherzustellen, dass jede Kaffeevariante und -r\u00f6stung unter optimalen Bedingungen maximalen Geschmack entfaltet.<\/p>\n\n\n\n<p>Die neueste Generation des E8-Vollautomaten von Jura weist ein 3,5-Zoll-Farbdisplay auf, das zwar durch klare Bilder und Grafiken eine verbesserte Bedienbarkeit verspricht, jedoch bleibt abzuwarten, ob die intuitive Bedienung in der Praxis tats\u00e4chlich gew\u00e4hrleistet ist. Das Ger\u00e4t bietet eine beachtliche Auswahl an 17 Kaffeespezialit\u00e4ten und die &#8222;Extra Shot&#8220;-Funktion zur Intensivierung des Kaffeegeschmacks, allerdings k\u00f6nnte die Vielfalt an Optionen f\u00fcr einige Nutzer \u00fcberw\u00e4ltigend sein.<\/p>\n\n\n\n<div class=\"wp-block-image\"><figure class=\"alignright size-full\"><a href=\"https:\/\/www.coffeemakers.de\/rabatt\"><img loading=\"lazy\" decoding=\"async\" width=\"300\" height=\"250\" src=\"https:\/\/www.coffeemakers.de\/wpcm\/wp-content\/uploads\/2018\/03\/300-rabatt-cm.jpg\" alt=\"\" class=\"wp-image-5686\"\/><\/a><figcaption><a href=\"https:\/\/www.coffeemakers.de\/rabatt\">Jetzt Neukundenrabatt sichern!<\/a><\/figcaption><\/figure><\/div>\n\n\n<h2 class=\"wp-block-heading\" id=\"auch-fuer-milchschaumzubereitung-ist-gesorgt\">Auch f\u00fcr Milchschaumzubereitung ist gesorgt<\/h2>\n\n\n<p>Zus\u00e4tzliche Ausstattungsmerkmale wie die Feinschaumd\u00fcse mit austauschbarem Milchauslauf und die One-Touch-Milchsystem-Reinigung mit innovativem Fluidsystem k\u00f6nnten zwar die Bedienung erleichtern, bedeuten jedoch auch zus\u00e4tzliche Wartungsanforderungen. Das Handling der Restwasserschale scheint verbessert, doch letztendlich h\u00e4ngt die Beurteilung vom individuellen Benutzererlebnis ab.<\/p>\n\n\n\n<p>Die E8 verf\u00fcgt \u00fcber zahlreiche von Jura bekannte Features wie den Puls-Extraktionsprozess, eine Hochleistungspumpe, verschiedene Einstellm\u00f6glichkeiten und einen Energiesparmodus. Sie ist zudem kompatibel mit der Jura App J.O.E., allerdings erfordert dies zus\u00e4tzliche technische Kompetenzen von den Nutzern. Trotz der ansprechenden Merkmale bleibt die Frage offen, ob die Maschine ihrem Preis gerecht wird und ob sie f\u00fcr allt\u00e4gliche Benutzer oder nur f\u00fcr Kaffeekenner geeignet ist.<\/p>\n","protected":false},"excerpt":{"rendered":"<p>In wenigen Tagen er\u00f6ffnete die IFA 2023. Welche Neuigkeiten h\u00e4lt Jura f\u00fcr seine Kunden bereit? Wir haben nachgefragt.<\/p>\n","protected":false},"author":4,"featured_media":8015,"comment_status":"closed","ping_status":"closed","sticky":false,"template":"","format":"standard","meta":{"footnotes":""},"categories":[71],"tags":[145,108],"class_list":["post-8013","post","type-post","status-publish","format-standard","has-post-thumbnail","hentry","category-coffeemakers-magazin","tag-e8","tag-jura"],"yoast_head":"<!-- This site is optimized with the Yoast SEO plugin v27.3 - https:\/\/yoast.com\/product\/yoast-seo-wordpress\/ -->\n<title>IFA Highlights: Die neueste Jura E8 - Fortschritt oder Fehltritt?<\/title>\n<meta name=\"description\" content=\"In wenigen Tagen er\u00f6ffnete die IFA 2023. Welche Neuigkeiten h\u00e4lt Jura f\u00fcr seine Kunden bereit? Wir haben nachgefragt.\" \/>\n<meta name=\"robots\" content=\"index, follow, max-snippet:-1, max-image-preview:large, max-video-preview:-1\" \/>\n<link rel=\"canonical\" href=\"https:\/\/www.coffeemakers.de\/wpcm\/ifa-highlights-die-neueste-jura-e8-fortschritt-oder-fehltritt\/\" \/>\n<meta property=\"og:locale\" content=\"de_DE\" \/>\n<meta property=\"og:type\" content=\"article\" \/>\n<meta property=\"og:title\" content=\"IFA Highlights: Die neueste Jura E8 - Fortschritt oder Fehltritt?\" \/>\n<meta property=\"og:description\" content=\"In wenigen Tagen er\u00f6ffnete die IFA 2023. Welche Neuigkeiten h\u00e4lt Jura f\u00fcr seine Kunden bereit? Wir haben nachgefragt.\" \/>\n<meta property=\"og:url\" content=\"https:\/\/www.coffeemakers.de\/wpcm\/ifa-highlights-die-neueste-jura-e8-fortschritt-oder-fehltritt\/\" \/>\n<meta property=\"og:site_name\" content=\"Coffeemakers Magazin\" \/>\n<meta property=\"article:published_time\" content=\"2023-08-17T09:04:00+00:00\" \/>\n<meta property=\"og:image\" content=\"https:\/\/www.coffeemakers.de\/wpcm\/wp-content\/uploads\/2023\/08\/cm-ifa-2023.jpg\" \/>\n\t<meta property=\"og:image:width\" content=\"1024\" \/>\n\t<meta property=\"og:image:height\" content=\"381\" \/>\n\t<meta property=\"og:image:type\" content=\"image\/jpeg\" \/>\n<meta name=\"author\" content=\"J\u00f6rg von Coffeemakers\" \/>\n<meta name=\"twitter:card\" content=\"summary_large_image\" \/>\n<meta name=\"twitter:label1\" content=\"Verfasst von\" \/>\n\t<meta name=\"twitter:data1\" content=\"J\u00f6rg von Coffeemakers\" \/>\n\t<meta name=\"twitter:label2\" content=\"Gesch\u00e4tzte Lesezeit\" \/>\n\t<meta name=\"twitter:data2\" content=\"3\u00a0Minuten\" \/>\n<script type=\"application\/ld+json\" class=\"yoast-schema-graph\">{\"@context\":\"https:\\\/\\\/schema.org\",\"@graph\":[{\"@type\":\"Article\",\"@id\":\"https:\\\/\\\/www.coffeemakers.de\\\/wpcm\\\/ifa-highlights-die-neueste-jura-e8-fortschritt-oder-fehltritt\\\/#article\",\"isPartOf\":{\"@id\":\"https:\\\/\\\/www.coffeemakers.de\\\/wpcm\\\/ifa-highlights-die-neueste-jura-e8-fortschritt-oder-fehltritt\\\/\"},\"author\":{\"name\":\"J\u00f6rg von Coffeemakers\",\"@id\":\"https:\\\/\\\/www.coffeemakers.de\\\/wpcm\\\/#\\\/schema\\\/person\\\/3a0b56cc5cd9d3c3dd7e2935b369e129\"},\"headline\":\"IFA Highlights: Die neueste Jura E8 &#8211; Fortschritt oder Fehltritt?\",\"datePublished\":\"2023-08-17T09:04:00+00:00\",\"mainEntityOfPage\":{\"@id\":\"https:\\\/\\\/www.coffeemakers.de\\\/wpcm\\\/ifa-highlights-die-neueste-jura-e8-fortschritt-oder-fehltritt\\\/\"},\"wordCount\":454,\"publisher\":{\"@id\":\"https:\\\/\\\/www.coffeemakers.de\\\/wpcm\\\/#organization\"},\"image\":{\"@id\":\"https:\\\/\\\/www.coffeemakers.de\\\/wpcm\\\/ifa-highlights-die-neueste-jura-e8-fortschritt-oder-fehltritt\\\/#primaryimage\"},\"thumbnailUrl\":\"https:\\\/\\\/www.coffeemakers.de\\\/wpcm\\\/wp-content\\\/uploads\\\/2023\\\/08\\\/cm-ifa-2023.jpg\",\"keywords\":[\"E8\",\"JURA\"],\"articleSection\":[\"Coffeemakers Magazin\"],\"inLanguage\":\"de\"},{\"@type\":\"WebPage\",\"@id\":\"https:\\\/\\\/www.coffeemakers.de\\\/wpcm\\\/ifa-highlights-die-neueste-jura-e8-fortschritt-oder-fehltritt\\\/\",\"url\":\"https:\\\/\\\/www.coffeemakers.de\\\/wpcm\\\/ifa-highlights-die-neueste-jura-e8-fortschritt-oder-fehltritt\\\/\",\"name\":\"IFA Highlights: Die neueste Jura E8 - Fortschritt oder Fehltritt?\",\"isPartOf\":{\"@id\":\"https:\\\/\\\/www.coffeemakers.de\\\/wpcm\\\/#website\"},\"primaryImageOfPage\":{\"@id\":\"https:\\\/\\\/www.coffeemakers.de\\\/wpcm\\\/ifa-highlights-die-neueste-jura-e8-fortschritt-oder-fehltritt\\\/#primaryimage\"},\"image\":{\"@id\":\"https:\\\/\\\/www.coffeemakers.de\\\/wpcm\\\/ifa-highlights-die-neueste-jura-e8-fortschritt-oder-fehltritt\\\/#primaryimage\"},\"thumbnailUrl\":\"https:\\\/\\\/www.coffeemakers.de\\\/wpcm\\\/wp-content\\\/uploads\\\/2023\\\/08\\\/cm-ifa-2023.jpg\",\"datePublished\":\"2023-08-17T09:04:00+00:00\",\"description\":\"In wenigen Tagen er\u00f6ffnete die IFA 2023. Welche Neuigkeiten h\u00e4lt Jura f\u00fcr seine Kunden bereit? Wir haben nachgefragt.\",\"breadcrumb\":{\"@id\":\"https:\\\/\\\/www.coffeemakers.de\\\/wpcm\\\/ifa-highlights-die-neueste-jura-e8-fortschritt-oder-fehltritt\\\/#breadcrumb\"},\"inLanguage\":\"de\",\"potentialAction\":[{\"@type\":\"ReadAction\",\"target\":[\"https:\\\/\\\/www.coffeemakers.de\\\/wpcm\\\/ifa-highlights-die-neueste-jura-e8-fortschritt-oder-fehltritt\\\/\"]}]},{\"@type\":\"ImageObject\",\"inLanguage\":\"de\",\"@id\":\"https:\\\/\\\/www.coffeemakers.de\\\/wpcm\\\/ifa-highlights-die-neueste-jura-e8-fortschritt-oder-fehltritt\\\/#primaryimage\",\"url\":\"https:\\\/\\\/www.coffeemakers.de\\\/wpcm\\\/wp-content\\\/uploads\\\/2023\\\/08\\\/cm-ifa-2023.jpg\",\"contentUrl\":\"https:\\\/\\\/www.coffeemakers.de\\\/wpcm\\\/wp-content\\\/uploads\\\/2023\\\/08\\\/cm-ifa-2023.jpg\",\"width\":1024,\"height\":381},{\"@type\":\"BreadcrumbList\",\"@id\":\"https:\\\/\\\/www.coffeemakers.de\\\/wpcm\\\/ifa-highlights-die-neueste-jura-e8-fortschritt-oder-fehltritt\\\/#breadcrumb\",\"itemListElement\":[{\"@type\":\"ListItem\",\"position\":1,\"name\":\"Startseite\",\"item\":\"https:\\\/\\\/www.coffeemakers.de\\\/wpcm\\\/\"},{\"@type\":\"ListItem\",\"position\":2,\"name\":\"IFA Highlights: Die neueste Jura E8 &#8211; Fortschritt oder Fehltritt?\"}]},{\"@type\":\"WebSite\",\"@id\":\"https:\\\/\\\/www.coffeemakers.de\\\/wpcm\\\/#website\",\"url\":\"https:\\\/\\\/www.coffeemakers.de\\\/wpcm\\\/\",\"name\":\"Coffeemakers Magazin\",\"description\":\"\",\"publisher\":{\"@id\":\"https:\\\/\\\/www.coffeemakers.de\\\/wpcm\\\/#organization\"},\"potentialAction\":[{\"@type\":\"SearchAction\",\"target\":{\"@type\":\"EntryPoint\",\"urlTemplate\":\"https:\\\/\\\/www.coffeemakers.de\\\/wpcm\\\/?s={search_term_string}\"},\"query-input\":{\"@type\":\"PropertyValueSpecification\",\"valueRequired\":true,\"valueName\":\"search_term_string\"}}],\"inLanguage\":\"de\"},{\"@type\":\"Organization\",\"@id\":\"https:\\\/\\\/www.coffeemakers.de\\\/wpcm\\\/#organization\",\"name\":\"Coffeemakers Magazin\",\"url\":\"https:\\\/\\\/www.coffeemakers.de\\\/wpcm\\\/\",\"logo\":{\"@type\":\"ImageObject\",\"inLanguage\":\"de\",\"@id\":\"https:\\\/\\\/www.coffeemakers.de\\\/wpcm\\\/#\\\/schema\\\/logo\\\/image\\\/\",\"url\":\"https:\\\/\\\/www.coffeemakers.de\\\/wpcm\\\/wp-content\\\/uploads\\\/2023\\\/06\\\/coffeemakers-logo-2018.png\",\"contentUrl\":\"https:\\\/\\\/www.coffeemakers.de\\\/wpcm\\\/wp-content\\\/uploads\\\/2023\\\/06\\\/coffeemakers-logo-2018.png\",\"width\":2723,\"height\":2723,\"caption\":\"Coffeemakers Magazin\"},\"image\":{\"@id\":\"https:\\\/\\\/www.coffeemakers.de\\\/wpcm\\\/#\\\/schema\\\/logo\\\/image\\\/\"}},{\"@type\":\"Person\",\"@id\":\"https:\\\/\\\/www.coffeemakers.de\\\/wpcm\\\/#\\\/schema\\\/person\\\/3a0b56cc5cd9d3c3dd7e2935b369e129\",\"name\":\"J\u00f6rg von Coffeemakers\",\"image\":{\"@type\":\"ImageObject\",\"inLanguage\":\"de\",\"@id\":\"https:\\\/\\\/www.coffeemakers.de\\\/wpcm\\\/wp-content\\\/uploads\\\/2023\\\/06\\\/cropped-joerg-96x96.png\",\"url\":\"https:\\\/\\\/www.coffeemakers.de\\\/wpcm\\\/wp-content\\\/uploads\\\/2023\\\/06\\\/cropped-joerg-96x96.png\",\"contentUrl\":\"https:\\\/\\\/www.coffeemakers.de\\\/wpcm\\\/wp-content\\\/uploads\\\/2023\\\/06\\\/cropped-joerg-96x96.png\",\"caption\":\"J\u00f6rg von Coffeemakers\"},\"description\":\"J\u00f6rg von Coffeemakers wurde schon vor Jahren von der Leidenschaft f\u00fcr Kaffee erfasst. Hier kann er sie zum Beruf machen! Deshalb ist er unser Experte f\u00fcr Kaffee und Kaffeevollautomaten. Egal ob es um R\u00f6stprofile geht, oder den Tausch eines Drainageventils \u2013 J\u00f6rg ist ihr perfekter Ansprechpartner. Hier im Coffeemakers Magazin versorgt er Sie regelm\u00e4\u00dfig mit Tipps und Tricks, au\u00dferdem versendet er unseren mit weiteren Tipps und vor allem g\u00fcnstigen Angeboten gef\u00fcllten Newsletter.\",\"url\":\"https:\\\/\\\/www.coffeemakers.de\\\/wpcm\\\/author\\\/joerg\\\/\"}]}<\/script>\n<!-- \/ Yoast SEO plugin. -->","yoast_head_json":{"title":"IFA Highlights: Die neueste Jura E8 - Fortschritt oder Fehltritt?","description":"In wenigen Tagen er\u00f6ffnete die IFA 2023. Welche Neuigkeiten h\u00e4lt Jura f\u00fcr seine Kunden bereit? Wir haben nachgefragt.","robots":{"index":"index","follow":"follow","max-snippet":"max-snippet:-1","max-image-preview":"max-image-preview:large","max-video-preview":"max-video-preview:-1"},"canonical":"https:\/\/www.coffeemakers.de\/wpcm\/ifa-highlights-die-neueste-jura-e8-fortschritt-oder-fehltritt\/","og_locale":"de_DE","og_type":"article","og_title":"IFA Highlights: Die neueste Jura E8 - Fortschritt oder Fehltritt?","og_description":"In wenigen Tagen er\u00f6ffnete die IFA 2023. Welche Neuigkeiten h\u00e4lt Jura f\u00fcr seine Kunden bereit? Wir haben nachgefragt.","og_url":"https:\/\/www.coffeemakers.de\/wpcm\/ifa-highlights-die-neueste-jura-e8-fortschritt-oder-fehltritt\/","og_site_name":"Coffeemakers Magazin","article_published_time":"2023-08-17T09:04:00+00:00","og_image":[{"width":1024,"height":381,"url":"https:\/\/www.coffeemakers.de\/wpcm\/wp-content\/uploads\/2023\/08\/cm-ifa-2023.jpg","type":"image\/jpeg"}],"author":"J\u00f6rg von Coffeemakers","twitter_card":"summary_large_image","twitter_misc":{"Verfasst von":"J\u00f6rg von Coffeemakers","Gesch\u00e4tzte Lesezeit":"3\u00a0Minuten"},"schema":{"@context":"https:\/\/schema.org","@graph":[{"@type":"Article","@id":"https:\/\/www.coffeemakers.de\/wpcm\/ifa-highlights-die-neueste-jura-e8-fortschritt-oder-fehltritt\/#article","isPartOf":{"@id":"https:\/\/www.coffeemakers.de\/wpcm\/ifa-highlights-die-neueste-jura-e8-fortschritt-oder-fehltritt\/"},"author":{"name":"J\u00f6rg von Coffeemakers","@id":"https:\/\/www.coffeemakers.de\/wpcm\/#\/schema\/person\/3a0b56cc5cd9d3c3dd7e2935b369e129"},"headline":"IFA Highlights: Die neueste Jura E8 &#8211; Fortschritt oder Fehltritt?","datePublished":"2023-08-17T09:04:00+00:00","mainEntityOfPage":{"@id":"https:\/\/www.coffeemakers.de\/wpcm\/ifa-highlights-die-neueste-jura-e8-fortschritt-oder-fehltritt\/"},"wordCount":454,"publisher":{"@id":"https:\/\/www.coffeemakers.de\/wpcm\/#organization"},"image":{"@id":"https:\/\/www.coffeemakers.de\/wpcm\/ifa-highlights-die-neueste-jura-e8-fortschritt-oder-fehltritt\/#primaryimage"},"thumbnailUrl":"https:\/\/www.coffeemakers.de\/wpcm\/wp-content\/uploads\/2023\/08\/cm-ifa-2023.jpg","keywords":["E8","JURA"],"articleSection":["Coffeemakers Magazin"],"inLanguage":"de"},{"@type":"WebPage","@id":"https:\/\/www.coffeemakers.de\/wpcm\/ifa-highlights-die-neueste-jura-e8-fortschritt-oder-fehltritt\/","url":"https:\/\/www.coffeemakers.de\/wpcm\/ifa-highlights-die-neueste-jura-e8-fortschritt-oder-fehltritt\/","name":"IFA Highlights: Die neueste Jura E8 - Fortschritt oder Fehltritt?","isPartOf":{"@id":"https:\/\/www.coffeemakers.de\/wpcm\/#website"},"primaryImageOfPage":{"@id":"https:\/\/www.coffeemakers.de\/wpcm\/ifa-highlights-die-neueste-jura-e8-fortschritt-oder-fehltritt\/#primaryimage"},"image":{"@id":"https:\/\/www.coffeemakers.de\/wpcm\/ifa-highlights-die-neueste-jura-e8-fortschritt-oder-fehltritt\/#primaryimage"},"thumbnailUrl":"https:\/\/www.coffeemakers.de\/wpcm\/wp-content\/uploads\/2023\/08\/cm-ifa-2023.jpg","datePublished":"2023-08-17T09:04:00+00:00","description":"In wenigen Tagen er\u00f6ffnete die IFA 2023. Welche Neuigkeiten h\u00e4lt Jura f\u00fcr seine Kunden bereit? Wir haben nachgefragt.","breadcrumb":{"@id":"https:\/\/www.coffeemakers.de\/wpcm\/ifa-highlights-die-neueste-jura-e8-fortschritt-oder-fehltritt\/#breadcrumb"},"inLanguage":"de","potentialAction":[{"@type":"ReadAction","target":["https:\/\/www.coffeemakers.de\/wpcm\/ifa-highlights-die-neueste-jura-e8-fortschritt-oder-fehltritt\/"]}]},{"@type":"ImageObject","inLanguage":"de","@id":"https:\/\/www.coffeemakers.de\/wpcm\/ifa-highlights-die-neueste-jura-e8-fortschritt-oder-fehltritt\/#primaryimage","url":"https:\/\/www.coffeemakers.de\/wpcm\/wp-content\/uploads\/2023\/08\/cm-ifa-2023.jpg","contentUrl":"https:\/\/www.coffeemakers.de\/wpcm\/wp-content\/uploads\/2023\/08\/cm-ifa-2023.jpg","width":1024,"height":381},{"@type":"BreadcrumbList","@id":"https:\/\/www.coffeemakers.de\/wpcm\/ifa-highlights-die-neueste-jura-e8-fortschritt-oder-fehltritt\/#breadcrumb","itemListElement":[{"@type":"ListItem","position":1,"name":"Startseite","item":"https:\/\/www.coffeemakers.de\/wpcm\/"},{"@type":"ListItem","position":2,"name":"IFA Highlights: Die neueste Jura E8 &#8211; Fortschritt oder Fehltritt?"}]},{"@type":"WebSite","@id":"https:\/\/www.coffeemakers.de\/wpcm\/#website","url":"https:\/\/www.coffeemakers.de\/wpcm\/","name":"Coffeemakers Magazin","description":"","publisher":{"@id":"https:\/\/www.coffeemakers.de\/wpcm\/#organization"},"potentialAction":[{"@type":"SearchAction","target":{"@type":"EntryPoint","urlTemplate":"https:\/\/www.coffeemakers.de\/wpcm\/?s={search_term_string}"},"query-input":{"@type":"PropertyValueSpecification","valueRequired":true,"valueName":"search_term_string"}}],"inLanguage":"de"},{"@type":"Organization","@id":"https:\/\/www.coffeemakers.de\/wpcm\/#organization","name":"Coffeemakers Magazin","url":"https:\/\/www.coffeemakers.de\/wpcm\/","logo":{"@type":"ImageObject","inLanguage":"de","@id":"https:\/\/www.coffeemakers.de\/wpcm\/#\/schema\/logo\/image\/","url":"https:\/\/www.coffeemakers.de\/wpcm\/wp-content\/uploads\/2023\/06\/coffeemakers-logo-2018.png","contentUrl":"https:\/\/www.coffeemakers.de\/wpcm\/wp-content\/uploads\/2023\/06\/coffeemakers-logo-2018.png","width":2723,"height":2723,"caption":"Coffeemakers Magazin"},"image":{"@id":"https:\/\/www.coffeemakers.de\/wpcm\/#\/schema\/logo\/image\/"}},{"@type":"Person","@id":"https:\/\/www.coffeemakers.de\/wpcm\/#\/schema\/person\/3a0b56cc5cd9d3c3dd7e2935b369e129","name":"J\u00f6rg von Coffeemakers","image":{"@type":"ImageObject","inLanguage":"de","@id":"https:\/\/www.coffeemakers.de\/wpcm\/wp-content\/uploads\/2023\/06\/cropped-joerg-96x96.png","url":"https:\/\/www.coffeemakers.de\/wpcm\/wp-content\/uploads\/2023\/06\/cropped-joerg-96x96.png","contentUrl":"https:\/\/www.coffeemakers.de\/wpcm\/wp-content\/uploads\/2023\/06\/cropped-joerg-96x96.png","caption":"J\u00f6rg von Coffeemakers"},"description":"J\u00f6rg von Coffeemakers wurde schon vor Jahren von der Leidenschaft f\u00fcr Kaffee erfasst. Hier kann er sie zum Beruf machen! Deshalb ist er unser Experte f\u00fcr Kaffee und Kaffeevollautomaten. Egal ob es um R\u00f6stprofile geht, oder den Tausch eines Drainageventils \u2013 J\u00f6rg ist ihr perfekter Ansprechpartner. Hier im Coffeemakers Magazin versorgt er Sie regelm\u00e4\u00dfig mit Tipps und Tricks, au\u00dferdem versendet er unseren mit weiteren Tipps und vor allem g\u00fcnstigen Angeboten gef\u00fcllten Newsletter.","url":"https:\/\/www.coffeemakers.de\/wpcm\/author\/joerg\/"}]}},"_links":{"self":[{"href":"https:\/\/www.coffeemakers.de\/wpcm\/wp-json\/wp\/v2\/posts\/8013","targetHints":{"allow":["GET"]}}],"collection":[{"href":"https:\/\/www.coffeemakers.de\/wpcm\/wp-json\/wp\/v2\/posts"}],"about":[{"href":"https:\/\/www.coffeemakers.de\/wpcm\/wp-json\/wp\/v2\/types\/post"}],"author":[{"embeddable":true,"href":"https:\/\/www.coffeemakers.de\/wpcm\/wp-json\/wp\/v2\/users\/4"}],"replies":[{"embeddable":true,"href":"https:\/\/www.coffeemakers.de\/wpcm\/wp-json\/wp\/v2\/comments?post=8013"}],"version-history":[{"count":2,"href":"https:\/\/www.coffeemakers.de\/wpcm\/wp-json\/wp\/v2\/posts\/8013\/revisions"}],"predecessor-version":[{"id":8017,"href":"https:\/\/www.coffeemakers.de\/wpcm\/wp-json\/wp\/v2\/posts\/8013\/revisions\/8017"}],"wp:featuredmedia":[{"embeddable":true,"href":"https:\/\/www.coffeemakers.de\/wpcm\/wp-json\/wp\/v2\/media\/8015"}],"wp:attachment":[{"href":"https:\/\/www.coffeemakers.de\/wpcm\/wp-json\/wp\/v2\/media?parent=8013"}],"wp:term":[{"taxonomy":"category","embeddable":true,"href":"https:\/\/www.coffeemakers.de\/wpcm\/wp-json\/wp\/v2\/categories?post=8013"},{"taxonomy":"post_tag","embeddable":true,"href":"https:\/\/www.coffeemakers.de\/wpcm\/wp-json\/wp\/v2\/tags?post=8013"}],"curies":[{"name":"wp","href":"https:\/\/api.w.org\/{rel}","templated":true}]}}