{"id":7556,"date":"2022-09-07T10:12:00","date_gmt":"2022-09-07T08:12:00","guid":{"rendered":"https:\/\/www.coffeemakers.de\/wpcm\/?p=7556"},"modified":"2022-09-01T10:56:52","modified_gmt":"2022-09-01T08:56:52","slug":"brasilianischer-unabhaengigkeitstag","status":"publish","type":"post","link":"https:\/\/www.coffeemakers.de\/wpcm\/brasilianischer-unabhaengigkeitstag\/","title":{"rendered":"Brasilianischer Unabh\u00e4ngigkeitstag"},"content":{"rendered":"\n<p><strong>Brasilien ist heutzutage nicht nur der gr\u00f6\u00dfte Kaffeeexporteuer, sondern war vor einigen Jahrhunderten noch portugiesische Kolonie.<\/strong><\/p>\n\n\n\n<!--more-->\n\n\n<h2 class=\"wp-block-heading\" id=\"die-entdeckung-und-kolonialzeit-brasiliens\">Die Entdeckung und Kolonialzeit Brasiliens<\/h2>\n\n\n<p>Nach der Entdeckung Amerikas im Jahr 1492 durch Christoph Kolumbus wurde die sogenannte &#8222;Neue Welt&#8220; unter Spanien und Portugal aufgeteilt, wobei Brasilien an Portugal fiel. Noch w\u00e4hrend dieser Zeit gab es Gefechte mit den Franzosen, die ebenfalls in S\u00fcdamerika gelandet waren. Erst 1625 wurden die Franzosen endg\u00fcltig aus Brasilien vertrieben.<\/p>\n\n\n\n<p>In dieser Zeit kamen viele Europ\u00e4er nach S\u00fcdamerika, teils freiwillig, teils aufgrund Verbannungen im Heimatland. Grunds\u00e4tzlich konnte jeder in die neue Welt \u00fcbersetzen, solange er dem katholischen Glauben angeh\u00f6rte.<\/p>\n\n\n\n<p>Schon zu dieser Zeit florierte das Exportgesch\u00e4ft und Brasilien wurde dank riesiger Plantagen, die von Sklaven bewirtschaftet wurden zum gr\u00f6\u00dften Zuckerexporteur der damaligen Zeit.<\/p>\n\n\n<h2 class=\"wp-block-heading\" id=\"die-entwicklung-nach-der-kolonisation\">Die Entwicklung nach der Kolonisation<\/h2>\n\n\n<p>Erst im Jahr 1815 wurde Brasilien mit dem Mutterland Portugal gleichgestellt. Der damalige Regent Portugals, der selbst in der Kolonie war, wurde aufgrund von Unruhen dazu veranlasst, nach Portugal zur\u00fcckzukehren. In dieser Zeit erhoben sich viele Unabh\u00e4ngigkeitsk\u00e4mpfer, die f\u00fcr ein freies Land k\u00e4mpften. Am 12.10.1815 wurde Brasilien schlie\u00dflich zum Kaiserreich erkl\u00e4rt &#8211; bis 1823 wurden die Portugiesen schlie\u00dflich komplett aus dem Land gedr\u00e4ngt.<\/p>\n\n\n\n<p>In den darauffolgenden 200 Jahren hat sich weiterhin viel getan, es gab ein zweites Kaiserreich, Putsche und Diktatoren in Brasilien &#8211; heutzutage herrscht eine Demokratie mit dem Staatschef Jair Bolsonaro.<\/p>\n\n\n\n<div class=\"wp-block-image\"><figure class=\"alignright size-full is-resized\"><a href=\"https:\/\/www.coffeemakers.de\/marese-cafe-le-brasiliana?utm_source=wpcm&amp;utm_medium=kafbohnen&amp;utm_campaign=mcb&amp;utm_id=123\"><img loading=\"lazy\" decoding=\"async\" src=\"https:\/\/www.coffeemakers.de\/wpcm\/wp-content\/uploads\/2022\/09\/Marese-Cafe-La-Brasiliana-1000g-2.jpeg\" alt=\"Marese Cafe La Brasiliana.\" class=\"wp-image-7557\" width=\"236\" height=\"236\" srcset=\"https:\/\/www.coffeemakers.de\/wpcm\/wp-content\/uploads\/2022\/09\/Marese-Cafe-La-Brasiliana-1000g-2.jpeg 1000w, https:\/\/www.coffeemakers.de\/wpcm\/wp-content\/uploads\/2022\/09\/Marese-Cafe-La-Brasiliana-1000g-2-300x300.jpeg 300w, https:\/\/www.coffeemakers.de\/wpcm\/wp-content\/uploads\/2022\/09\/Marese-Cafe-La-Brasiliana-1000g-2-150x150.jpeg 150w, https:\/\/www.coffeemakers.de\/wpcm\/wp-content\/uploads\/2022\/09\/Marese-Cafe-La-Brasiliana-1000g-2-768x768.jpeg 768w, https:\/\/www.coffeemakers.de\/wpcm\/wp-content\/uploads\/2022\/09\/Marese-Cafe-La-Brasiliana-1000g-2-250x250.jpeg 250w\" sizes=\"auto, (max-width: 236px) 100vw, 236px\" \/><\/a><\/figure><\/div>\n\n\n<h2 class=\"wp-block-heading\" id=\"warum-der-0709-als-tag-der-unabhaengigkeit\">Warum der 07.09. als Tag der Unabh\u00e4ngigkeit?<\/h2>\n\n\n<p>An diesem Tag, vor 200 Jahren, am 07.09.1822 erkl\u00e4rte sich Brasilien endg\u00fcltig unabh\u00e4ngig von der Kolonialmacht Portugal.<\/p>\n\n\n\n<p>Gefeiert wird mit gro\u00dfen Stra\u00dfenparaden, f\u00fcr die die K\u00fcnstler wochenlang \u00fcben. Aber nicht nur K\u00fcnstler sind zu sehen, auch marschieren Milit\u00e4rtruppen durch die Stra\u00dfen der Hauptstadt.<\/p>\n\n\n\n<p>Wir feiern diesen Tag mit unserem Kaffee Brasilia, der die Intensit\u00e4t Brasiliens widerspiegelt.<\/p>\n","protected":false},"excerpt":{"rendered":"<p>Brasilien ist heutzutage nicht nur der gr\u00f6\u00dfte Kaffeeexporteuer, sondern war vor einigen Jahrhunderten noch portugiesische Kolonie.<\/p>\n","protected":false},"author":3,"featured_media":7558,"comment_status":"closed","ping_status":"closed","sticky":false,"template":"","format":"standard","meta":{"footnotes":""},"categories":[71],"tags":[215],"class_list":["post-7556","post","type-post","status-publish","format-standard","has-post-thumbnail","hentry","category-coffeemakers-magazin","tag-brasilien"],"yoast_head":"<!-- This site is optimized with the Yoast SEO plugin v27.3 - https:\/\/yoast.com\/product\/yoast-seo-wordpress\/ -->\n<title>Brasilianischer Unabh\u00e4ngigkeitstag - Coffeemakers Magazin<\/title>\n<meta name=\"description\" content=\"Brasilien ist ein wundersch\u00f6nes Land mit spannender Geschichte - und dem meisten Kaffee &#8594; erfahren Sie hier etwas \u00fcber die Geschichte\" \/>\n<meta name=\"robots\" content=\"index, follow, max-snippet:-1, max-image-preview:large, max-video-preview:-1\" \/>\n<link rel=\"canonical\" href=\"https:\/\/www.coffeemakers.de\/wpcm\/brasilianischer-unabhaengigkeitstag\/\" \/>\n<meta property=\"og:locale\" content=\"de_DE\" \/>\n<meta property=\"og:type\" content=\"article\" \/>\n<meta property=\"og:title\" content=\"Brasilianischer Unabh\u00e4ngigkeitstag - Coffeemakers Magazin\" \/>\n<meta property=\"og:description\" content=\"Brasilien ist ein wundersch\u00f6nes Land mit spannender Geschichte - und dem meisten Kaffee &#8594; erfahren Sie hier etwas \u00fcber die Geschichte\" \/>\n<meta property=\"og:url\" content=\"https:\/\/www.coffeemakers.de\/wpcm\/brasilianischer-unabhaengigkeitstag\/\" \/>\n<meta property=\"og:site_name\" content=\"Coffeemakers Magazin\" \/>\n<meta property=\"article:published_time\" content=\"2022-09-07T08:12:00+00:00\" \/>\n<meta property=\"og:image\" content=\"https:\/\/www.coffeemakers.de\/wpcm\/wp-content\/uploads\/2022\/09\/coffee-2339260_1280.jpg\" \/>\n\t<meta property=\"og:image:width\" content=\"1024\" \/>\n\t<meta property=\"og:image:height\" content=\"380\" \/>\n\t<meta property=\"og:image:type\" content=\"image\/jpeg\" \/>\n<meta name=\"author\" content=\"Coffeemakers Redaktion\" \/>\n<meta name=\"twitter:card\" content=\"summary_large_image\" \/>\n<meta name=\"twitter:label1\" content=\"Verfasst von\" \/>\n\t<meta name=\"twitter:data1\" content=\"Coffeemakers Redaktion\" \/>\n\t<meta name=\"twitter:label2\" content=\"Gesch\u00e4tzte Lesezeit\" \/>\n\t<meta name=\"twitter:data2\" content=\"2\u00a0Minuten\" \/>\n<script type=\"application\/ld+json\" class=\"yoast-schema-graph\">{\"@context\":\"https:\\\/\\\/schema.org\",\"@graph\":[{\"@type\":\"Article\",\"@id\":\"https:\\\/\\\/www.coffeemakers.de\\\/wpcm\\\/brasilianischer-unabhaengigkeitstag\\\/#article\",\"isPartOf\":{\"@id\":\"https:\\\/\\\/www.coffeemakers.de\\\/wpcm\\\/brasilianischer-unabhaengigkeitstag\\\/\"},\"author\":{\"name\":\"Coffeemakers Redaktion\",\"@id\":\"https:\\\/\\\/www.coffeemakers.de\\\/wpcm\\\/#\\\/schema\\\/person\\\/982e146c82954ad9882cc636b386af81\"},\"headline\":\"Brasilianischer Unabh\u00e4ngigkeitstag\",\"datePublished\":\"2022-09-07T08:12:00+00:00\",\"mainEntityOfPage\":{\"@id\":\"https:\\\/\\\/www.coffeemakers.de\\\/wpcm\\\/brasilianischer-unabhaengigkeitstag\\\/\"},\"wordCount\":310,\"publisher\":{\"@id\":\"https:\\\/\\\/www.coffeemakers.de\\\/wpcm\\\/#organization\"},\"image\":{\"@id\":\"https:\\\/\\\/www.coffeemakers.de\\\/wpcm\\\/brasilianischer-unabhaengigkeitstag\\\/#primaryimage\"},\"thumbnailUrl\":\"https:\\\/\\\/www.coffeemakers.de\\\/wpcm\\\/wp-content\\\/uploads\\\/2022\\\/09\\\/coffee-2339260_1280.jpg\",\"keywords\":[\"Brasilien\"],\"articleSection\":[\"Coffeemakers Magazin\"],\"inLanguage\":\"de\"},{\"@type\":\"WebPage\",\"@id\":\"https:\\\/\\\/www.coffeemakers.de\\\/wpcm\\\/brasilianischer-unabhaengigkeitstag\\\/\",\"url\":\"https:\\\/\\\/www.coffeemakers.de\\\/wpcm\\\/brasilianischer-unabhaengigkeitstag\\\/\",\"name\":\"Brasilianischer Unabh\u00e4ngigkeitstag - Coffeemakers Magazin\",\"isPartOf\":{\"@id\":\"https:\\\/\\\/www.coffeemakers.de\\\/wpcm\\\/#website\"},\"primaryImageOfPage\":{\"@id\":\"https:\\\/\\\/www.coffeemakers.de\\\/wpcm\\\/brasilianischer-unabhaengigkeitstag\\\/#primaryimage\"},\"image\":{\"@id\":\"https:\\\/\\\/www.coffeemakers.de\\\/wpcm\\\/brasilianischer-unabhaengigkeitstag\\\/#primaryimage\"},\"thumbnailUrl\":\"https:\\\/\\\/www.coffeemakers.de\\\/wpcm\\\/wp-content\\\/uploads\\\/2022\\\/09\\\/coffee-2339260_1280.jpg\",\"datePublished\":\"2022-09-07T08:12:00+00:00\",\"description\":\"Brasilien ist ein wundersch\u00f6nes Land mit spannender Geschichte - und dem meisten Kaffee &#8594; erfahren Sie hier etwas \u00fcber die Geschichte\",\"breadcrumb\":{\"@id\":\"https:\\\/\\\/www.coffeemakers.de\\\/wpcm\\\/brasilianischer-unabhaengigkeitstag\\\/#breadcrumb\"},\"inLanguage\":\"de\",\"potentialAction\":[{\"@type\":\"ReadAction\",\"target\":[\"https:\\\/\\\/www.coffeemakers.de\\\/wpcm\\\/brasilianischer-unabhaengigkeitstag\\\/\"]}]},{\"@type\":\"ImageObject\",\"inLanguage\":\"de\",\"@id\":\"https:\\\/\\\/www.coffeemakers.de\\\/wpcm\\\/brasilianischer-unabhaengigkeitstag\\\/#primaryimage\",\"url\":\"https:\\\/\\\/www.coffeemakers.de\\\/wpcm\\\/wp-content\\\/uploads\\\/2022\\\/09\\\/coffee-2339260_1280.jpg\",\"contentUrl\":\"https:\\\/\\\/www.coffeemakers.de\\\/wpcm\\\/wp-content\\\/uploads\\\/2022\\\/09\\\/coffee-2339260_1280.jpg\",\"width\":1024,\"height\":380,\"caption\":\"Kaffeepflanze mit Kirschen, im Hintergrund die Landschaft Brasiliens.\"},{\"@type\":\"BreadcrumbList\",\"@id\":\"https:\\\/\\\/www.coffeemakers.de\\\/wpcm\\\/brasilianischer-unabhaengigkeitstag\\\/#breadcrumb\",\"itemListElement\":[{\"@type\":\"ListItem\",\"position\":1,\"name\":\"Startseite\",\"item\":\"https:\\\/\\\/www.coffeemakers.de\\\/wpcm\\\/\"},{\"@type\":\"ListItem\",\"position\":2,\"name\":\"Brasilianischer Unabh\u00e4ngigkeitstag\"}]},{\"@type\":\"WebSite\",\"@id\":\"https:\\\/\\\/www.coffeemakers.de\\\/wpcm\\\/#website\",\"url\":\"https:\\\/\\\/www.coffeemakers.de\\\/wpcm\\\/\",\"name\":\"Coffeemakers Magazin\",\"description\":\"\",\"publisher\":{\"@id\":\"https:\\\/\\\/www.coffeemakers.de\\\/wpcm\\\/#organization\"},\"potentialAction\":[{\"@type\":\"SearchAction\",\"target\":{\"@type\":\"EntryPoint\",\"urlTemplate\":\"https:\\\/\\\/www.coffeemakers.de\\\/wpcm\\\/?s={search_term_string}\"},\"query-input\":{\"@type\":\"PropertyValueSpecification\",\"valueRequired\":true,\"valueName\":\"search_term_string\"}}],\"inLanguage\":\"de\"},{\"@type\":\"Organization\",\"@id\":\"https:\\\/\\\/www.coffeemakers.de\\\/wpcm\\\/#organization\",\"name\":\"Coffeemakers Magazin\",\"url\":\"https:\\\/\\\/www.coffeemakers.de\\\/wpcm\\\/\",\"logo\":{\"@type\":\"ImageObject\",\"inLanguage\":\"de\",\"@id\":\"https:\\\/\\\/www.coffeemakers.de\\\/wpcm\\\/#\\\/schema\\\/logo\\\/image\\\/\",\"url\":\"https:\\\/\\\/www.coffeemakers.de\\\/wpcm\\\/wp-content\\\/uploads\\\/2023\\\/06\\\/coffeemakers-logo-2018.png\",\"contentUrl\":\"https:\\\/\\\/www.coffeemakers.de\\\/wpcm\\\/wp-content\\\/uploads\\\/2023\\\/06\\\/coffeemakers-logo-2018.png\",\"width\":2723,\"height\":2723,\"caption\":\"Coffeemakers Magazin\"},\"image\":{\"@id\":\"https:\\\/\\\/www.coffeemakers.de\\\/wpcm\\\/#\\\/schema\\\/logo\\\/image\\\/\"}},{\"@type\":\"Person\",\"@id\":\"https:\\\/\\\/www.coffeemakers.de\\\/wpcm\\\/#\\\/schema\\\/person\\\/982e146c82954ad9882cc636b386af81\",\"name\":\"Coffeemakers Redaktion\",\"image\":{\"@type\":\"ImageObject\",\"inLanguage\":\"de\",\"@id\":\"https:\\\/\\\/www.coffeemakers.de\\\/wpcm\\\/wp-content\\\/uploads\\\/2023\\\/06\\\/cropped-cropped-coffeemakers-logo-2018-96x96.png\",\"url\":\"https:\\\/\\\/www.coffeemakers.de\\\/wpcm\\\/wp-content\\\/uploads\\\/2023\\\/06\\\/cropped-cropped-coffeemakers-logo-2018-96x96.png\",\"contentUrl\":\"https:\\\/\\\/www.coffeemakers.de\\\/wpcm\\\/wp-content\\\/uploads\\\/2023\\\/06\\\/cropped-cropped-coffeemakers-logo-2018-96x96.png\",\"caption\":\"Coffeemakers Redaktion\"},\"description\":\"Die Redaktion von Coffeemakers.de liefert ihnen alle Daten, Fakten und Hintergrundinfos, die ein Kaffeeliebhaber und stolzer Besitzer eines Kaffeevollautomaten braucht. Egal ob es dabei um den Kaffee selbst geht, seine Zubereitung, was gerade auf dem Markt f\u00fcr Kaffeevollautomaten los ist oder wie Sie dank guter Wartung und Pflege lange Freude an ihrem eigenen Ger\u00e4t haben.\",\"url\":\"https:\\\/\\\/www.coffeemakers.de\\\/wpcm\\\/author\\\/coffeemakers\\\/\"}]}<\/script>\n<!-- \/ Yoast SEO plugin. -->","yoast_head_json":{"title":"Brasilianischer Unabh\u00e4ngigkeitstag - Coffeemakers Magazin","description":"Brasilien ist ein wundersch\u00f6nes Land mit spannender Geschichte - und dem meisten Kaffee &#8594; erfahren Sie hier etwas \u00fcber die Geschichte","robots":{"index":"index","follow":"follow","max-snippet":"max-snippet:-1","max-image-preview":"max-image-preview:large","max-video-preview":"max-video-preview:-1"},"canonical":"https:\/\/www.coffeemakers.de\/wpcm\/brasilianischer-unabhaengigkeitstag\/","og_locale":"de_DE","og_type":"article","og_title":"Brasilianischer Unabh\u00e4ngigkeitstag - Coffeemakers Magazin","og_description":"Brasilien ist ein wundersch\u00f6nes Land mit spannender Geschichte - und dem meisten Kaffee &#8594; erfahren Sie hier etwas \u00fcber die Geschichte","og_url":"https:\/\/www.coffeemakers.de\/wpcm\/brasilianischer-unabhaengigkeitstag\/","og_site_name":"Coffeemakers Magazin","article_published_time":"2022-09-07T08:12:00+00:00","og_image":[{"width":1024,"height":380,"url":"https:\/\/www.coffeemakers.de\/wpcm\/wp-content\/uploads\/2022\/09\/coffee-2339260_1280.jpg","type":"image\/jpeg"}],"author":"Coffeemakers Redaktion","twitter_card":"summary_large_image","twitter_misc":{"Verfasst von":"Coffeemakers Redaktion","Gesch\u00e4tzte Lesezeit":"2\u00a0Minuten"},"schema":{"@context":"https:\/\/schema.org","@graph":[{"@type":"Article","@id":"https:\/\/www.coffeemakers.de\/wpcm\/brasilianischer-unabhaengigkeitstag\/#article","isPartOf":{"@id":"https:\/\/www.coffeemakers.de\/wpcm\/brasilianischer-unabhaengigkeitstag\/"},"author":{"name":"Coffeemakers Redaktion","@id":"https:\/\/www.coffeemakers.de\/wpcm\/#\/schema\/person\/982e146c82954ad9882cc636b386af81"},"headline":"Brasilianischer Unabh\u00e4ngigkeitstag","datePublished":"2022-09-07T08:12:00+00:00","mainEntityOfPage":{"@id":"https:\/\/www.coffeemakers.de\/wpcm\/brasilianischer-unabhaengigkeitstag\/"},"wordCount":310,"publisher":{"@id":"https:\/\/www.coffeemakers.de\/wpcm\/#organization"},"image":{"@id":"https:\/\/www.coffeemakers.de\/wpcm\/brasilianischer-unabhaengigkeitstag\/#primaryimage"},"thumbnailUrl":"https:\/\/www.coffeemakers.de\/wpcm\/wp-content\/uploads\/2022\/09\/coffee-2339260_1280.jpg","keywords":["Brasilien"],"articleSection":["Coffeemakers Magazin"],"inLanguage":"de"},{"@type":"WebPage","@id":"https:\/\/www.coffeemakers.de\/wpcm\/brasilianischer-unabhaengigkeitstag\/","url":"https:\/\/www.coffeemakers.de\/wpcm\/brasilianischer-unabhaengigkeitstag\/","name":"Brasilianischer Unabh\u00e4ngigkeitstag - Coffeemakers Magazin","isPartOf":{"@id":"https:\/\/www.coffeemakers.de\/wpcm\/#website"},"primaryImageOfPage":{"@id":"https:\/\/www.coffeemakers.de\/wpcm\/brasilianischer-unabhaengigkeitstag\/#primaryimage"},"image":{"@id":"https:\/\/www.coffeemakers.de\/wpcm\/brasilianischer-unabhaengigkeitstag\/#primaryimage"},"thumbnailUrl":"https:\/\/www.coffeemakers.de\/wpcm\/wp-content\/uploads\/2022\/09\/coffee-2339260_1280.jpg","datePublished":"2022-09-07T08:12:00+00:00","description":"Brasilien ist ein wundersch\u00f6nes Land mit spannender Geschichte - und dem meisten Kaffee &#8594; erfahren Sie hier etwas \u00fcber die Geschichte","breadcrumb":{"@id":"https:\/\/www.coffeemakers.de\/wpcm\/brasilianischer-unabhaengigkeitstag\/#breadcrumb"},"inLanguage":"de","potentialAction":[{"@type":"ReadAction","target":["https:\/\/www.coffeemakers.de\/wpcm\/brasilianischer-unabhaengigkeitstag\/"]}]},{"@type":"ImageObject","inLanguage":"de","@id":"https:\/\/www.coffeemakers.de\/wpcm\/brasilianischer-unabhaengigkeitstag\/#primaryimage","url":"https:\/\/www.coffeemakers.de\/wpcm\/wp-content\/uploads\/2022\/09\/coffee-2339260_1280.jpg","contentUrl":"https:\/\/www.coffeemakers.de\/wpcm\/wp-content\/uploads\/2022\/09\/coffee-2339260_1280.jpg","width":1024,"height":380,"caption":"Kaffeepflanze mit Kirschen, im Hintergrund die Landschaft Brasiliens."},{"@type":"BreadcrumbList","@id":"https:\/\/www.coffeemakers.de\/wpcm\/brasilianischer-unabhaengigkeitstag\/#breadcrumb","itemListElement":[{"@type":"ListItem","position":1,"name":"Startseite","item":"https:\/\/www.coffeemakers.de\/wpcm\/"},{"@type":"ListItem","position":2,"name":"Brasilianischer Unabh\u00e4ngigkeitstag"}]},{"@type":"WebSite","@id":"https:\/\/www.coffeemakers.de\/wpcm\/#website","url":"https:\/\/www.coffeemakers.de\/wpcm\/","name":"Coffeemakers Magazin","description":"","publisher":{"@id":"https:\/\/www.coffeemakers.de\/wpcm\/#organization"},"potentialAction":[{"@type":"SearchAction","target":{"@type":"EntryPoint","urlTemplate":"https:\/\/www.coffeemakers.de\/wpcm\/?s={search_term_string}"},"query-input":{"@type":"PropertyValueSpecification","valueRequired":true,"valueName":"search_term_string"}}],"inLanguage":"de"},{"@type":"Organization","@id":"https:\/\/www.coffeemakers.de\/wpcm\/#organization","name":"Coffeemakers Magazin","url":"https:\/\/www.coffeemakers.de\/wpcm\/","logo":{"@type":"ImageObject","inLanguage":"de","@id":"https:\/\/www.coffeemakers.de\/wpcm\/#\/schema\/logo\/image\/","url":"https:\/\/www.coffeemakers.de\/wpcm\/wp-content\/uploads\/2023\/06\/coffeemakers-logo-2018.png","contentUrl":"https:\/\/www.coffeemakers.de\/wpcm\/wp-content\/uploads\/2023\/06\/coffeemakers-logo-2018.png","width":2723,"height":2723,"caption":"Coffeemakers Magazin"},"image":{"@id":"https:\/\/www.coffeemakers.de\/wpcm\/#\/schema\/logo\/image\/"}},{"@type":"Person","@id":"https:\/\/www.coffeemakers.de\/wpcm\/#\/schema\/person\/982e146c82954ad9882cc636b386af81","name":"Coffeemakers Redaktion","image":{"@type":"ImageObject","inLanguage":"de","@id":"https:\/\/www.coffeemakers.de\/wpcm\/wp-content\/uploads\/2023\/06\/cropped-cropped-coffeemakers-logo-2018-96x96.png","url":"https:\/\/www.coffeemakers.de\/wpcm\/wp-content\/uploads\/2023\/06\/cropped-cropped-coffeemakers-logo-2018-96x96.png","contentUrl":"https:\/\/www.coffeemakers.de\/wpcm\/wp-content\/uploads\/2023\/06\/cropped-cropped-coffeemakers-logo-2018-96x96.png","caption":"Coffeemakers Redaktion"},"description":"Die Redaktion von Coffeemakers.de liefert ihnen alle Daten, Fakten und Hintergrundinfos, die ein Kaffeeliebhaber und stolzer Besitzer eines Kaffeevollautomaten braucht. Egal ob es dabei um den Kaffee selbst geht, seine Zubereitung, was gerade auf dem Markt f\u00fcr Kaffeevollautomaten los ist oder wie Sie dank guter Wartung und Pflege lange Freude an ihrem eigenen Ger\u00e4t haben.","url":"https:\/\/www.coffeemakers.de\/wpcm\/author\/coffeemakers\/"}]}},"_links":{"self":[{"href":"https:\/\/www.coffeemakers.de\/wpcm\/wp-json\/wp\/v2\/posts\/7556","targetHints":{"allow":["GET"]}}],"collection":[{"href":"https:\/\/www.coffeemakers.de\/wpcm\/wp-json\/wp\/v2\/posts"}],"about":[{"href":"https:\/\/www.coffeemakers.de\/wpcm\/wp-json\/wp\/v2\/types\/post"}],"author":[{"embeddable":true,"href":"https:\/\/www.coffeemakers.de\/wpcm\/wp-json\/wp\/v2\/users\/3"}],"replies":[{"embeddable":true,"href":"https:\/\/www.coffeemakers.de\/wpcm\/wp-json\/wp\/v2\/comments?post=7556"}],"version-history":[{"count":1,"href":"https:\/\/www.coffeemakers.de\/wpcm\/wp-json\/wp\/v2\/posts\/7556\/revisions"}],"predecessor-version":[{"id":7559,"href":"https:\/\/www.coffeemakers.de\/wpcm\/wp-json\/wp\/v2\/posts\/7556\/revisions\/7559"}],"wp:featuredmedia":[{"embeddable":true,"href":"https:\/\/www.coffeemakers.de\/wpcm\/wp-json\/wp\/v2\/media\/7558"}],"wp:attachment":[{"href":"https:\/\/www.coffeemakers.de\/wpcm\/wp-json\/wp\/v2\/media?parent=7556"}],"wp:term":[{"taxonomy":"category","embeddable":true,"href":"https:\/\/www.coffeemakers.de\/wpcm\/wp-json\/wp\/v2\/categories?post=7556"},{"taxonomy":"post_tag","embeddable":true,"href":"https:\/\/www.coffeemakers.de\/wpcm\/wp-json\/wp\/v2\/tags?post=7556"}],"curies":[{"name":"wp","href":"https:\/\/api.w.org\/{rel}","templated":true}]}}