{"id":7553,"date":"2022-09-05T09:29:00","date_gmt":"2022-09-05T07:29:00","guid":{"rendered":"https:\/\/www.coffeemakers.de\/wpcm\/?p=7553"},"modified":"2022-09-26T08:57:58","modified_gmt":"2022-09-26T06:57:58","slug":"tag-des-kaffees-05-09-2022","status":"publish","type":"post","link":"https:\/\/www.coffeemakers.de\/wpcm\/tag-des-kaffees-05-09-2022\/","title":{"rendered":"Tag des Kaffees &#8211; 05.09.2022"},"content":{"rendered":"\n<p><strong>Kaffee ist das beliebteste Getr\u00e4nk der Deutschen &#8211; kein Wunder, dass es einen Tag des Kaffees gibt.<\/strong><\/p>\n\n\n\n<!--more-->\n\n\n\n<p>Ob als Muntermacher oder Gewohnheit, Kaffee erfreut sich nach wie vor enorm hoher Beliebtheit. Knapp 90% aller Deutschen trinken t\u00e4glich mindestens eine Tasse Kaffee, der Mittelwert betr\u00e4gt sogar 3,3 Tassen t\u00e4glich.<\/p>\n\n\n\n<p>Was dabei nicht fehlen darf ist nach wie vor Zucker und Milch, obwohl die Milchalternativen einen immer gr\u00f6\u00dferen Anteil gewinnen. Wenn Sie selbst Milchschaum zu Ihrem Kaffee lieben, haben wir einen Beitrag verfasst, <a href=\"https:\/\/www.coffeemakers.de\/wpcm\/welche-milch-eignet-sich-fuer-perfekten-milchschaum\/\">welche Milch sich f\u00fcr den perfekten Milchschaum besonders eignet<\/a> &#8211; auch pflanzliche Milchalternativen.<\/p>\n\n\n\n<p>Aber wenn der Konsum von Kaffee jedes Jahr weiter steigt, woher kommen die neuen Kaffeetrinker und warum fangen Menschen an, Kaffee zu trinken? Die Gr\u00fcnde daf\u00fcr reichen vom Abschauen bei den Eltern bis hin zum einfachen Ausprobieren aus Neugier. Genauer aufgelistet haben wir die Gr\u00fcnde ebenfalls <a href=\"https:\/\/www.coffeemakers.de\/wpcm\/wie-sind-sie-zum-kaffee-gekommen\/\">in einem Beitrag.<\/a><\/p>\n\n\n<h2 class=\"wp-block-heading\" id=\"welchen-kaffee-bevorzugen-sie\">Welchen Kaffee bevorzugen Sie?<\/h2>\n\n\n<p>Sei es aus dem Kaffeevollautomaten oder sogar einer Espressomaschine &#8211; die braunen Bohnen brauchen sie alle. Und hier gibt es jetzt unz\u00e4hlig verschiedene Anbieter von Kaffeebohnen. Seien es Unterschiede im Anbau, beim Trocknen oder der R\u00f6stung &#8211; all das hat im Endeffekt Einfluss auf den Geschmack bei Ihnen in der Tasse.<\/p>\n\n\n\n<p>Mit unserer Eigenmarke Espresso Marese bieten wir Ihnen unterschiedliche Geschm\u00e4cker in Kombination mit hervorragender Qualit\u00e4t an. Wenn Sie auf ein intensives Aroma stehen, ist der <a href=\"https:\/\/www.coffeemakers.de\/marese-black-beauty?utm_source=wpcm&amp;utm_medium=kafbohnen&amp;utm_campaign=mbb&amp;utm_id=122\">Marese Black Beauty<\/a> unsere absolute Empfehlung. Im Gegensatz dazu steht der <a href=\"https:\/\/www.coffeemakers.de\/marese-cafe-crema-emilia?utm_source=wpcm&amp;utm_medium=kafbohnen&amp;utm_campaign=me&amp;utm_id=122\">Marese Cafe Crema Emilia<\/a>, der sich im Geschmack eher als sanft und sehr harmonisch erweist.<\/p>\n\n\n\n<div class=\"wp-block-image\"><figure class=\"aligncenter size-full\"><a href=\"https:\/\/www.coffeemakers.de\/kaffee\/espresso-marese-kaffee?utm_source=wpcm&amp;utm_medium=kafboh&amp;utm_campaign=kafbohallg&amp;utm_id=122\"><img loading=\"lazy\" decoding=\"async\" width=\"728\" height=\"90\" src=\"https:\/\/www.coffeemakers.de\/wpcm\/wp-content\/uploads\/2022\/01\/728-marese-1.jpg\" alt=\"Marese Banner - Link zu Maresekaffee.\" class=\"wp-image-5857\" srcset=\"https:\/\/www.coffeemakers.de\/wpcm\/wp-content\/uploads\/2022\/01\/728-marese-1.jpg 728w, https:\/\/www.coffeemakers.de\/wpcm\/wp-content\/uploads\/2022\/01\/728-marese-1-300x37.jpg 300w\" sizes=\"auto, (max-width: 728px) 100vw, 728px\" \/><\/a><figcaption><a href=\"https:\/\/www.coffeemakers.de\/kaffee\/espresso-marese-kaffee?utm_source=wpcm&amp;utm_medium=kafboh&amp;utm_campaign=kafbohallg&amp;utm_id=122\">In unserem Onlineshop<\/a> haben wir noch weitere Sorten, die auch Ihren Geschmack treffen werden.<\/figcaption><\/figure><\/div>\n","protected":false},"excerpt":{"rendered":"<p>Kaffee ist das beliebteste Getr\u00e4nk der Deutschen &#8211; kein Wunder, dass es einen Tag des Kaffees gibt.<\/p>\n","protected":false},"author":3,"featured_media":7554,"comment_status":"closed","ping_status":"closed","sticky":false,"template":"","format":"standard","meta":{"footnotes":""},"categories":[71],"tags":[],"class_list":["post-7553","post","type-post","status-publish","format-standard","has-post-thumbnail","hentry","category-coffeemakers-magazin"],"yoast_head":"<!-- This site is optimized with the Yoast SEO plugin v27.3 - https:\/\/yoast.com\/product\/yoast-seo-wordpress\/ -->\n<title>Tag des Kaffees - 05.09.2022 - Coffeemakers Magazin<\/title>\n<meta name=\"description\" content=\"Am Tag des Kaffees dreht sich alles um die braunen Bohnen. \u2192 hier erfahren Sie einige Kaffeefakten und unsere Empfehlung\" \/>\n<meta name=\"robots\" content=\"index, follow, max-snippet:-1, max-image-preview:large, max-video-preview:-1\" \/>\n<link rel=\"canonical\" href=\"https:\/\/www.coffeemakers.de\/wpcm\/tag-des-kaffees-05-09-2022\/\" \/>\n<meta property=\"og:locale\" content=\"de_DE\" \/>\n<meta property=\"og:type\" content=\"article\" \/>\n<meta property=\"og:title\" content=\"Tag des Kaffees - 05.09.2022 - Coffeemakers Magazin\" \/>\n<meta property=\"og:description\" content=\"Am Tag des Kaffees dreht sich alles um die braunen Bohnen. \u2192 hier erfahren Sie einige Kaffeefakten und unsere Empfehlung\" \/>\n<meta property=\"og:url\" content=\"https:\/\/www.coffeemakers.de\/wpcm\/tag-des-kaffees-05-09-2022\/\" \/>\n<meta property=\"og:site_name\" content=\"Coffeemakers Magazin\" \/>\n<meta property=\"article:published_time\" content=\"2022-09-05T07:29:00+00:00\" \/>\n<meta property=\"article:modified_time\" content=\"2022-09-26T06:57:58+00:00\" \/>\n<meta property=\"og:image\" content=\"https:\/\/www.coffeemakers.de\/wpcm\/wp-content\/uploads\/2022\/09\/spilled-coffee-2543133_1280.jpg\" \/>\n\t<meta property=\"og:image:width\" content=\"1024\" \/>\n\t<meta property=\"og:image:height\" content=\"380\" \/>\n\t<meta property=\"og:image:type\" content=\"image\/jpeg\" \/>\n<meta name=\"author\" content=\"Coffeemakers Redaktion\" \/>\n<meta name=\"twitter:card\" content=\"summary_large_image\" \/>\n<meta name=\"twitter:label1\" content=\"Verfasst von\" \/>\n\t<meta name=\"twitter:data1\" content=\"Coffeemakers Redaktion\" \/>\n\t<meta name=\"twitter:label2\" content=\"Gesch\u00e4tzte Lesezeit\" \/>\n\t<meta name=\"twitter:data2\" content=\"2\u00a0Minuten\" \/>\n<script type=\"application\/ld+json\" class=\"yoast-schema-graph\">{\"@context\":\"https:\\\/\\\/schema.org\",\"@graph\":[{\"@type\":\"Article\",\"@id\":\"https:\\\/\\\/www.coffeemakers.de\\\/wpcm\\\/tag-des-kaffees-05-09-2022\\\/#article\",\"isPartOf\":{\"@id\":\"https:\\\/\\\/www.coffeemakers.de\\\/wpcm\\\/tag-des-kaffees-05-09-2022\\\/\"},\"author\":{\"name\":\"Coffeemakers Redaktion\",\"@id\":\"https:\\\/\\\/www.coffeemakers.de\\\/wpcm\\\/#\\\/schema\\\/person\\\/982e146c82954ad9882cc636b386af81\"},\"headline\":\"Tag des Kaffees &#8211; 05.09.2022\",\"datePublished\":\"2022-09-05T07:29:00+00:00\",\"dateModified\":\"2022-09-26T06:57:58+00:00\",\"mainEntityOfPage\":{\"@id\":\"https:\\\/\\\/www.coffeemakers.de\\\/wpcm\\\/tag-des-kaffees-05-09-2022\\\/\"},\"wordCount\":278,\"publisher\":{\"@id\":\"https:\\\/\\\/www.coffeemakers.de\\\/wpcm\\\/#organization\"},\"image\":{\"@id\":\"https:\\\/\\\/www.coffeemakers.de\\\/wpcm\\\/tag-des-kaffees-05-09-2022\\\/#primaryimage\"},\"thumbnailUrl\":\"https:\\\/\\\/www.coffeemakers.de\\\/wpcm\\\/wp-content\\\/uploads\\\/2022\\\/09\\\/spilled-coffee-2543133_1280.jpg\",\"articleSection\":[\"Coffeemakers Magazin\"],\"inLanguage\":\"de\"},{\"@type\":\"WebPage\",\"@id\":\"https:\\\/\\\/www.coffeemakers.de\\\/wpcm\\\/tag-des-kaffees-05-09-2022\\\/\",\"url\":\"https:\\\/\\\/www.coffeemakers.de\\\/wpcm\\\/tag-des-kaffees-05-09-2022\\\/\",\"name\":\"Tag des Kaffees - 05.09.2022 - Coffeemakers Magazin\",\"isPartOf\":{\"@id\":\"https:\\\/\\\/www.coffeemakers.de\\\/wpcm\\\/#website\"},\"primaryImageOfPage\":{\"@id\":\"https:\\\/\\\/www.coffeemakers.de\\\/wpcm\\\/tag-des-kaffees-05-09-2022\\\/#primaryimage\"},\"image\":{\"@id\":\"https:\\\/\\\/www.coffeemakers.de\\\/wpcm\\\/tag-des-kaffees-05-09-2022\\\/#primaryimage\"},\"thumbnailUrl\":\"https:\\\/\\\/www.coffeemakers.de\\\/wpcm\\\/wp-content\\\/uploads\\\/2022\\\/09\\\/spilled-coffee-2543133_1280.jpg\",\"datePublished\":\"2022-09-05T07:29:00+00:00\",\"dateModified\":\"2022-09-26T06:57:58+00:00\",\"description\":\"Am Tag des Kaffees dreht sich alles um die braunen Bohnen. \u2192 hier erfahren Sie einige Kaffeefakten und unsere Empfehlung\",\"breadcrumb\":{\"@id\":\"https:\\\/\\\/www.coffeemakers.de\\\/wpcm\\\/tag-des-kaffees-05-09-2022\\\/#breadcrumb\"},\"inLanguage\":\"de\",\"potentialAction\":[{\"@type\":\"ReadAction\",\"target\":[\"https:\\\/\\\/www.coffeemakers.de\\\/wpcm\\\/tag-des-kaffees-05-09-2022\\\/\"]}]},{\"@type\":\"ImageObject\",\"inLanguage\":\"de\",\"@id\":\"https:\\\/\\\/www.coffeemakers.de\\\/wpcm\\\/tag-des-kaffees-05-09-2022\\\/#primaryimage\",\"url\":\"https:\\\/\\\/www.coffeemakers.de\\\/wpcm\\\/wp-content\\\/uploads\\\/2022\\\/09\\\/spilled-coffee-2543133_1280.jpg\",\"contentUrl\":\"https:\\\/\\\/www.coffeemakers.de\\\/wpcm\\\/wp-content\\\/uploads\\\/2022\\\/09\\\/spilled-coffee-2543133_1280.jpg\",\"width\":1024,\"height\":380,\"caption\":\"Tasse aus der Kaffeebohnen fallen.\"},{\"@type\":\"BreadcrumbList\",\"@id\":\"https:\\\/\\\/www.coffeemakers.de\\\/wpcm\\\/tag-des-kaffees-05-09-2022\\\/#breadcrumb\",\"itemListElement\":[{\"@type\":\"ListItem\",\"position\":1,\"name\":\"Startseite\",\"item\":\"https:\\\/\\\/www.coffeemakers.de\\\/wpcm\\\/\"},{\"@type\":\"ListItem\",\"position\":2,\"name\":\"Tag des Kaffees &#8211; 05.09.2022\"}]},{\"@type\":\"WebSite\",\"@id\":\"https:\\\/\\\/www.coffeemakers.de\\\/wpcm\\\/#website\",\"url\":\"https:\\\/\\\/www.coffeemakers.de\\\/wpcm\\\/\",\"name\":\"Coffeemakers Magazin\",\"description\":\"\",\"publisher\":{\"@id\":\"https:\\\/\\\/www.coffeemakers.de\\\/wpcm\\\/#organization\"},\"potentialAction\":[{\"@type\":\"SearchAction\",\"target\":{\"@type\":\"EntryPoint\",\"urlTemplate\":\"https:\\\/\\\/www.coffeemakers.de\\\/wpcm\\\/?s={search_term_string}\"},\"query-input\":{\"@type\":\"PropertyValueSpecification\",\"valueRequired\":true,\"valueName\":\"search_term_string\"}}],\"inLanguage\":\"de\"},{\"@type\":\"Organization\",\"@id\":\"https:\\\/\\\/www.coffeemakers.de\\\/wpcm\\\/#organization\",\"name\":\"Coffeemakers Magazin\",\"url\":\"https:\\\/\\\/www.coffeemakers.de\\\/wpcm\\\/\",\"logo\":{\"@type\":\"ImageObject\",\"inLanguage\":\"de\",\"@id\":\"https:\\\/\\\/www.coffeemakers.de\\\/wpcm\\\/#\\\/schema\\\/logo\\\/image\\\/\",\"url\":\"https:\\\/\\\/www.coffeemakers.de\\\/wpcm\\\/wp-content\\\/uploads\\\/2023\\\/06\\\/coffeemakers-logo-2018.png\",\"contentUrl\":\"https:\\\/\\\/www.coffeemakers.de\\\/wpcm\\\/wp-content\\\/uploads\\\/2023\\\/06\\\/coffeemakers-logo-2018.png\",\"width\":2723,\"height\":2723,\"caption\":\"Coffeemakers Magazin\"},\"image\":{\"@id\":\"https:\\\/\\\/www.coffeemakers.de\\\/wpcm\\\/#\\\/schema\\\/logo\\\/image\\\/\"}},{\"@type\":\"Person\",\"@id\":\"https:\\\/\\\/www.coffeemakers.de\\\/wpcm\\\/#\\\/schema\\\/person\\\/982e146c82954ad9882cc636b386af81\",\"name\":\"Coffeemakers Redaktion\",\"image\":{\"@type\":\"ImageObject\",\"inLanguage\":\"de\",\"@id\":\"https:\\\/\\\/www.coffeemakers.de\\\/wpcm\\\/wp-content\\\/uploads\\\/2023\\\/06\\\/cropped-cropped-coffeemakers-logo-2018-96x96.png\",\"url\":\"https:\\\/\\\/www.coffeemakers.de\\\/wpcm\\\/wp-content\\\/uploads\\\/2023\\\/06\\\/cropped-cropped-coffeemakers-logo-2018-96x96.png\",\"contentUrl\":\"https:\\\/\\\/www.coffeemakers.de\\\/wpcm\\\/wp-content\\\/uploads\\\/2023\\\/06\\\/cropped-cropped-coffeemakers-logo-2018-96x96.png\",\"caption\":\"Coffeemakers Redaktion\"},\"description\":\"Die Redaktion von Coffeemakers.de liefert ihnen alle Daten, Fakten und Hintergrundinfos, die ein Kaffeeliebhaber und stolzer Besitzer eines Kaffeevollautomaten braucht. Egal ob es dabei um den Kaffee selbst geht, seine Zubereitung, was gerade auf dem Markt f\u00fcr Kaffeevollautomaten los ist oder wie Sie dank guter Wartung und Pflege lange Freude an ihrem eigenen Ger\u00e4t haben.\",\"url\":\"https:\\\/\\\/www.coffeemakers.de\\\/wpcm\\\/author\\\/coffeemakers\\\/\"}]}<\/script>\n<!-- \/ Yoast SEO plugin. -->","yoast_head_json":{"title":"Tag des Kaffees - 05.09.2022 - Coffeemakers Magazin","description":"Am Tag des Kaffees dreht sich alles um die braunen Bohnen. \u2192 hier erfahren Sie einige Kaffeefakten und unsere Empfehlung","robots":{"index":"index","follow":"follow","max-snippet":"max-snippet:-1","max-image-preview":"max-image-preview:large","max-video-preview":"max-video-preview:-1"},"canonical":"https:\/\/www.coffeemakers.de\/wpcm\/tag-des-kaffees-05-09-2022\/","og_locale":"de_DE","og_type":"article","og_title":"Tag des Kaffees - 05.09.2022 - Coffeemakers Magazin","og_description":"Am Tag des Kaffees dreht sich alles um die braunen Bohnen. \u2192 hier erfahren Sie einige Kaffeefakten und unsere Empfehlung","og_url":"https:\/\/www.coffeemakers.de\/wpcm\/tag-des-kaffees-05-09-2022\/","og_site_name":"Coffeemakers Magazin","article_published_time":"2022-09-05T07:29:00+00:00","article_modified_time":"2022-09-26T06:57:58+00:00","og_image":[{"width":1024,"height":380,"url":"https:\/\/www.coffeemakers.de\/wpcm\/wp-content\/uploads\/2022\/09\/spilled-coffee-2543133_1280.jpg","type":"image\/jpeg"}],"author":"Coffeemakers Redaktion","twitter_card":"summary_large_image","twitter_misc":{"Verfasst von":"Coffeemakers Redaktion","Gesch\u00e4tzte Lesezeit":"2\u00a0Minuten"},"schema":{"@context":"https:\/\/schema.org","@graph":[{"@type":"Article","@id":"https:\/\/www.coffeemakers.de\/wpcm\/tag-des-kaffees-05-09-2022\/#article","isPartOf":{"@id":"https:\/\/www.coffeemakers.de\/wpcm\/tag-des-kaffees-05-09-2022\/"},"author":{"name":"Coffeemakers Redaktion","@id":"https:\/\/www.coffeemakers.de\/wpcm\/#\/schema\/person\/982e146c82954ad9882cc636b386af81"},"headline":"Tag des Kaffees &#8211; 05.09.2022","datePublished":"2022-09-05T07:29:00+00:00","dateModified":"2022-09-26T06:57:58+00:00","mainEntityOfPage":{"@id":"https:\/\/www.coffeemakers.de\/wpcm\/tag-des-kaffees-05-09-2022\/"},"wordCount":278,"publisher":{"@id":"https:\/\/www.coffeemakers.de\/wpcm\/#organization"},"image":{"@id":"https:\/\/www.coffeemakers.de\/wpcm\/tag-des-kaffees-05-09-2022\/#primaryimage"},"thumbnailUrl":"https:\/\/www.coffeemakers.de\/wpcm\/wp-content\/uploads\/2022\/09\/spilled-coffee-2543133_1280.jpg","articleSection":["Coffeemakers Magazin"],"inLanguage":"de"},{"@type":"WebPage","@id":"https:\/\/www.coffeemakers.de\/wpcm\/tag-des-kaffees-05-09-2022\/","url":"https:\/\/www.coffeemakers.de\/wpcm\/tag-des-kaffees-05-09-2022\/","name":"Tag des Kaffees - 05.09.2022 - Coffeemakers Magazin","isPartOf":{"@id":"https:\/\/www.coffeemakers.de\/wpcm\/#website"},"primaryImageOfPage":{"@id":"https:\/\/www.coffeemakers.de\/wpcm\/tag-des-kaffees-05-09-2022\/#primaryimage"},"image":{"@id":"https:\/\/www.coffeemakers.de\/wpcm\/tag-des-kaffees-05-09-2022\/#primaryimage"},"thumbnailUrl":"https:\/\/www.coffeemakers.de\/wpcm\/wp-content\/uploads\/2022\/09\/spilled-coffee-2543133_1280.jpg","datePublished":"2022-09-05T07:29:00+00:00","dateModified":"2022-09-26T06:57:58+00:00","description":"Am Tag des Kaffees dreht sich alles um die braunen Bohnen. \u2192 hier erfahren Sie einige Kaffeefakten und unsere Empfehlung","breadcrumb":{"@id":"https:\/\/www.coffeemakers.de\/wpcm\/tag-des-kaffees-05-09-2022\/#breadcrumb"},"inLanguage":"de","potentialAction":[{"@type":"ReadAction","target":["https:\/\/www.coffeemakers.de\/wpcm\/tag-des-kaffees-05-09-2022\/"]}]},{"@type":"ImageObject","inLanguage":"de","@id":"https:\/\/www.coffeemakers.de\/wpcm\/tag-des-kaffees-05-09-2022\/#primaryimage","url":"https:\/\/www.coffeemakers.de\/wpcm\/wp-content\/uploads\/2022\/09\/spilled-coffee-2543133_1280.jpg","contentUrl":"https:\/\/www.coffeemakers.de\/wpcm\/wp-content\/uploads\/2022\/09\/spilled-coffee-2543133_1280.jpg","width":1024,"height":380,"caption":"Tasse aus der Kaffeebohnen fallen."},{"@type":"BreadcrumbList","@id":"https:\/\/www.coffeemakers.de\/wpcm\/tag-des-kaffees-05-09-2022\/#breadcrumb","itemListElement":[{"@type":"ListItem","position":1,"name":"Startseite","item":"https:\/\/www.coffeemakers.de\/wpcm\/"},{"@type":"ListItem","position":2,"name":"Tag des Kaffees &#8211; 05.09.2022"}]},{"@type":"WebSite","@id":"https:\/\/www.coffeemakers.de\/wpcm\/#website","url":"https:\/\/www.coffeemakers.de\/wpcm\/","name":"Coffeemakers Magazin","description":"","publisher":{"@id":"https:\/\/www.coffeemakers.de\/wpcm\/#organization"},"potentialAction":[{"@type":"SearchAction","target":{"@type":"EntryPoint","urlTemplate":"https:\/\/www.coffeemakers.de\/wpcm\/?s={search_term_string}"},"query-input":{"@type":"PropertyValueSpecification","valueRequired":true,"valueName":"search_term_string"}}],"inLanguage":"de"},{"@type":"Organization","@id":"https:\/\/www.coffeemakers.de\/wpcm\/#organization","name":"Coffeemakers Magazin","url":"https:\/\/www.coffeemakers.de\/wpcm\/","logo":{"@type":"ImageObject","inLanguage":"de","@id":"https:\/\/www.coffeemakers.de\/wpcm\/#\/schema\/logo\/image\/","url":"https:\/\/www.coffeemakers.de\/wpcm\/wp-content\/uploads\/2023\/06\/coffeemakers-logo-2018.png","contentUrl":"https:\/\/www.coffeemakers.de\/wpcm\/wp-content\/uploads\/2023\/06\/coffeemakers-logo-2018.png","width":2723,"height":2723,"caption":"Coffeemakers Magazin"},"image":{"@id":"https:\/\/www.coffeemakers.de\/wpcm\/#\/schema\/logo\/image\/"}},{"@type":"Person","@id":"https:\/\/www.coffeemakers.de\/wpcm\/#\/schema\/person\/982e146c82954ad9882cc636b386af81","name":"Coffeemakers Redaktion","image":{"@type":"ImageObject","inLanguage":"de","@id":"https:\/\/www.coffeemakers.de\/wpcm\/wp-content\/uploads\/2023\/06\/cropped-cropped-coffeemakers-logo-2018-96x96.png","url":"https:\/\/www.coffeemakers.de\/wpcm\/wp-content\/uploads\/2023\/06\/cropped-cropped-coffeemakers-logo-2018-96x96.png","contentUrl":"https:\/\/www.coffeemakers.de\/wpcm\/wp-content\/uploads\/2023\/06\/cropped-cropped-coffeemakers-logo-2018-96x96.png","caption":"Coffeemakers Redaktion"},"description":"Die Redaktion von Coffeemakers.de liefert ihnen alle Daten, Fakten und Hintergrundinfos, die ein Kaffeeliebhaber und stolzer Besitzer eines Kaffeevollautomaten braucht. Egal ob es dabei um den Kaffee selbst geht, seine Zubereitung, was gerade auf dem Markt f\u00fcr Kaffeevollautomaten los ist oder wie Sie dank guter Wartung und Pflege lange Freude an ihrem eigenen Ger\u00e4t haben.","url":"https:\/\/www.coffeemakers.de\/wpcm\/author\/coffeemakers\/"}]}},"_links":{"self":[{"href":"https:\/\/www.coffeemakers.de\/wpcm\/wp-json\/wp\/v2\/posts\/7553","targetHints":{"allow":["GET"]}}],"collection":[{"href":"https:\/\/www.coffeemakers.de\/wpcm\/wp-json\/wp\/v2\/posts"}],"about":[{"href":"https:\/\/www.coffeemakers.de\/wpcm\/wp-json\/wp\/v2\/types\/post"}],"author":[{"embeddable":true,"href":"https:\/\/www.coffeemakers.de\/wpcm\/wp-json\/wp\/v2\/users\/3"}],"replies":[{"embeddable":true,"href":"https:\/\/www.coffeemakers.de\/wpcm\/wp-json\/wp\/v2\/comments?post=7553"}],"version-history":[{"count":2,"href":"https:\/\/www.coffeemakers.de\/wpcm\/wp-json\/wp\/v2\/posts\/7553\/revisions"}],"predecessor-version":[{"id":7579,"href":"https:\/\/www.coffeemakers.de\/wpcm\/wp-json\/wp\/v2\/posts\/7553\/revisions\/7579"}],"wp:featuredmedia":[{"embeddable":true,"href":"https:\/\/www.coffeemakers.de\/wpcm\/wp-json\/wp\/v2\/media\/7554"}],"wp:attachment":[{"href":"https:\/\/www.coffeemakers.de\/wpcm\/wp-json\/wp\/v2\/media?parent=7553"}],"wp:term":[{"taxonomy":"category","embeddable":true,"href":"https:\/\/www.coffeemakers.de\/wpcm\/wp-json\/wp\/v2\/categories?post=7553"},{"taxonomy":"post_tag","embeddable":true,"href":"https:\/\/www.coffeemakers.de\/wpcm\/wp-json\/wp\/v2\/tags?post=7553"}],"curies":[{"name":"wp","href":"https:\/\/api.w.org\/{rel}","templated":true}]}}