{"id":6916,"date":"2022-04-15T09:02:00","date_gmt":"2022-04-15T07:02:00","guid":{"rendered":"https:\/\/www.coffeemakers.de\/wpcm\/?p=6916"},"modified":"2024-06-12T10:34:05","modified_gmt":"2024-06-12T08:34:05","slug":"kaffee-und-karfreitag","status":"publish","type":"post","link":"https:\/\/www.coffeemakers.de\/wpcm\/kaffee-und-karfreitag\/","title":{"rendered":"Kaffee und Karfreitag"},"content":{"rendered":"\n<p><strong>Heute ist einer der h\u00f6chsten christlichen Feiertage und selbst wenn Sie nicht gl\u00e4ubig sind, so betrifft Sie dieser besondere Tag auch. In einigen Bundesl\u00e4ndern ist Karfreitag sogar ein gesetzlicher Feiertag und der H\u00f6hepunkt der Fastenzeit, doch was hat das mit Kaffee zu tun?<\/strong><\/p>\n\n\n\n<!--more-->\n\n\n\n<p>Karfreitag stellt den Tod von Jesus Christus und dessen Kreuzigung dar. Dieser Tag symbolisiert den Verzicht und die Dankbarkeit f\u00fcr das Leben und alle sonstigen materiellen Besitzt\u00fcmer.<\/p>\n\n\n\n<p>In vielen Bundesl\u00e4ndern ist Karfreitag ein stiller Feiertag, daher gilt auch das Tanzverbot. Weiter haben viele Gesch\u00e4fte geschlossen.<\/p>\n\n\n\n<p>Wenn Sie den freien Tag nutzen und beispielsweise ein Caf\u00e9 besuchen wollen, kann es sein, dass dieses aufgrund des Feiertags geschlossen hat. Informieren Sie sich also lieber im Voraus, bevor Sie dann vor verschlossenen T\u00fcren stehen.<\/p>\n\n\n<h2 class=\"wp-block-heading\" id=\"gibt-es-biblische-regeln-zum-kaffeekonsum\">Gibt es biblische Regeln zum Kaffeekonsum?<\/h2>\n\n\n<p>Genaue biblische Regeln zum Kaffeekonsum an Karfreitag gibt es \u00fcbrigens keine &#8211; schlie\u00dflich wurde die Kaffeepflanze erst im 9. Jahrhundert entdeckt. Allerdings gibt es Bibelverse, die sich generell mit Ess- und Trinkgewohnheiten besch\u00e4ftigen. So lautet beispielsweise eine Verse in die heutige Zeit \u00fcbersetzt so viel wie: Alle Lebensmittel, die von au\u00dfen in den Menschen eingehen, verunreinigen ihn nicht, da sie nicht in das Herz eindringen. Wer weiteres Interesse an diesen Versen hat, wird unter <a href=\"https:\/\/www.bibleserver.com\/LUT\/Markus7\" target=\"_blank\" rel=\"noreferrer noopener\">Bibleserver<\/a> f\u00fcndig, das genaue Zitat ist unter Verse 18 zu finden.<\/p>\n\n\n\n<p>Aber wie bereits beschrieben, symbolisiert der Karfreitag auch Trauer, Verzicht und Demut. Also der ideale Startpunkt, um heute auf die Tasse Kaffee zu verzichten &#8211; zumindest mal f\u00fcr einen Tag. Denn sobald etwas gewohntes aus dem normalen Alltag gestrichen wird, wird uns deutlich, wie wichtig vor allem die allt\u00e4glichsten Dinge eigentlich sind. Wer k\u00f6nnte sich schon einen Morgen ohne eine warme Tasse Kaffee vorstellen? Oder gleich einen ganzen Tag ohne den warmen Muntermacher?<\/p>\n\n\n\n<p>Ein Tag Kaffeeverzicht kann die Bedeutung und Wertsch\u00e4tzung direkt erh\u00f6hen und uns bei der n\u00e4chsten Tasse um einiges gl\u00fccklicher machen.<\/p>\n","protected":false},"excerpt":{"rendered":"<p>Heute ist einer der h\u00f6chsten christlichen Feiertage und selbst wenn Sie nicht gl\u00e4ubig sind, so betrifft Sie dieser besondere Tag auch. In einigen Bundesl\u00e4ndern ist Karfreitag sogar ein gesetzlicher Feiertag und der H\u00f6hepunkt der Fastenzeit, doch was hat das mit Kaffee zu tun?<\/p>\n","protected":false},"author":3,"featured_media":7035,"comment_status":"closed","ping_status":"closed","sticky":false,"template":"","format":"standard","meta":{"footnotes":""},"categories":[71],"tags":[14],"class_list":["post-6916","post","type-post","status-publish","format-standard","has-post-thumbnail","hentry","category-coffeemakers-magazin","tag-kaffee"],"yoast_head":"<!-- This site is optimized with the Yoast SEO plugin v27.3 - https:\/\/yoast.com\/product\/yoast-seo-wordpress\/ -->\n<title>Kaffee und Karfreitag - Coffeemakers Magazin<\/title>\n<meta name=\"description\" content=\"Karfreitag ist ein Tag der Trauer und des Verzichts. Doch gibt es einen Zusammenhang zum Thema Kaffee? \u2192 hier informieren\" \/>\n<meta name=\"robots\" content=\"index, follow, max-snippet:-1, max-image-preview:large, max-video-preview:-1\" \/>\n<link rel=\"canonical\" href=\"https:\/\/www.coffeemakers.de\/wpcm\/kaffee-und-karfreitag\/\" \/>\n<meta property=\"og:locale\" content=\"de_DE\" \/>\n<meta property=\"og:type\" content=\"article\" \/>\n<meta property=\"og:title\" content=\"Kaffee und Karfreitag - Coffeemakers Magazin\" \/>\n<meta property=\"og:description\" content=\"Karfreitag ist ein Tag der Trauer und des Verzichts. Doch gibt es einen Zusammenhang zum Thema Kaffee? \u2192 hier informieren\" \/>\n<meta property=\"og:url\" content=\"https:\/\/www.coffeemakers.de\/wpcm\/kaffee-und-karfreitag\/\" \/>\n<meta property=\"og:site_name\" content=\"Coffeemakers Magazin\" \/>\n<meta property=\"article:published_time\" content=\"2022-04-15T07:02:00+00:00\" \/>\n<meta property=\"article:modified_time\" content=\"2024-06-12T08:34:05+00:00\" \/>\n<meta property=\"og:image\" content=\"https:\/\/www.coffeemakers.de\/wpcm\/wp-content\/uploads\/2022\/04\/coffee-beans-6252688_1280.jpg\" \/>\n\t<meta property=\"og:image:width\" content=\"1024\" \/>\n\t<meta property=\"og:image:height\" content=\"380\" \/>\n\t<meta property=\"og:image:type\" content=\"image\/jpeg\" \/>\n<meta name=\"author\" content=\"Coffeemakers Redaktion\" \/>\n<meta name=\"twitter:card\" content=\"summary_large_image\" \/>\n<meta name=\"twitter:label1\" content=\"Verfasst von\" \/>\n\t<meta name=\"twitter:data1\" content=\"Coffeemakers Redaktion\" \/>\n\t<meta name=\"twitter:label2\" content=\"Gesch\u00e4tzte Lesezeit\" \/>\n\t<meta name=\"twitter:data2\" content=\"2\u00a0Minuten\" \/>\n<script type=\"application\/ld+json\" class=\"yoast-schema-graph\">{\"@context\":\"https:\\\/\\\/schema.org\",\"@graph\":[{\"@type\":\"Article\",\"@id\":\"https:\\\/\\\/www.coffeemakers.de\\\/wpcm\\\/kaffee-und-karfreitag\\\/#article\",\"isPartOf\":{\"@id\":\"https:\\\/\\\/www.coffeemakers.de\\\/wpcm\\\/kaffee-und-karfreitag\\\/\"},\"author\":{\"name\":\"Coffeemakers Redaktion\",\"@id\":\"https:\\\/\\\/www.coffeemakers.de\\\/wpcm\\\/#\\\/schema\\\/person\\\/982e146c82954ad9882cc636b386af81\"},\"headline\":\"Kaffee und Karfreitag\",\"datePublished\":\"2022-04-15T07:02:00+00:00\",\"dateModified\":\"2024-06-12T08:34:05+00:00\",\"mainEntityOfPage\":{\"@id\":\"https:\\\/\\\/www.coffeemakers.de\\\/wpcm\\\/kaffee-und-karfreitag\\\/\"},\"wordCount\":329,\"publisher\":{\"@id\":\"https:\\\/\\\/www.coffeemakers.de\\\/wpcm\\\/#organization\"},\"image\":{\"@id\":\"https:\\\/\\\/www.coffeemakers.de\\\/wpcm\\\/kaffee-und-karfreitag\\\/#primaryimage\"},\"thumbnailUrl\":\"https:\\\/\\\/www.coffeemakers.de\\\/wpcm\\\/wp-content\\\/uploads\\\/2022\\\/04\\\/coffee-beans-6252688_1280.jpg\",\"keywords\":[\"Kaffee\"],\"articleSection\":[\"Coffeemakers Magazin\"],\"inLanguage\":\"de\"},{\"@type\":\"WebPage\",\"@id\":\"https:\\\/\\\/www.coffeemakers.de\\\/wpcm\\\/kaffee-und-karfreitag\\\/\",\"url\":\"https:\\\/\\\/www.coffeemakers.de\\\/wpcm\\\/kaffee-und-karfreitag\\\/\",\"name\":\"Kaffee und Karfreitag - Coffeemakers Magazin\",\"isPartOf\":{\"@id\":\"https:\\\/\\\/www.coffeemakers.de\\\/wpcm\\\/#website\"},\"primaryImageOfPage\":{\"@id\":\"https:\\\/\\\/www.coffeemakers.de\\\/wpcm\\\/kaffee-und-karfreitag\\\/#primaryimage\"},\"image\":{\"@id\":\"https:\\\/\\\/www.coffeemakers.de\\\/wpcm\\\/kaffee-und-karfreitag\\\/#primaryimage\"},\"thumbnailUrl\":\"https:\\\/\\\/www.coffeemakers.de\\\/wpcm\\\/wp-content\\\/uploads\\\/2022\\\/04\\\/coffee-beans-6252688_1280.jpg\",\"datePublished\":\"2022-04-15T07:02:00+00:00\",\"dateModified\":\"2024-06-12T08:34:05+00:00\",\"description\":\"Karfreitag ist ein Tag der Trauer und des Verzichts. Doch gibt es einen Zusammenhang zum Thema Kaffee? \u2192 hier informieren\",\"breadcrumb\":{\"@id\":\"https:\\\/\\\/www.coffeemakers.de\\\/wpcm\\\/kaffee-und-karfreitag\\\/#breadcrumb\"},\"inLanguage\":\"de\",\"potentialAction\":[{\"@type\":\"ReadAction\",\"target\":[\"https:\\\/\\\/www.coffeemakers.de\\\/wpcm\\\/kaffee-und-karfreitag\\\/\"]}]},{\"@type\":\"ImageObject\",\"inLanguage\":\"de\",\"@id\":\"https:\\\/\\\/www.coffeemakers.de\\\/wpcm\\\/kaffee-und-karfreitag\\\/#primaryimage\",\"url\":\"https:\\\/\\\/www.coffeemakers.de\\\/wpcm\\\/wp-content\\\/uploads\\\/2022\\\/04\\\/coffee-beans-6252688_1280.jpg\",\"contentUrl\":\"https:\\\/\\\/www.coffeemakers.de\\\/wpcm\\\/wp-content\\\/uploads\\\/2022\\\/04\\\/coffee-beans-6252688_1280.jpg\",\"width\":1024,\"height\":380},{\"@type\":\"BreadcrumbList\",\"@id\":\"https:\\\/\\\/www.coffeemakers.de\\\/wpcm\\\/kaffee-und-karfreitag\\\/#breadcrumb\",\"itemListElement\":[{\"@type\":\"ListItem\",\"position\":1,\"name\":\"Startseite\",\"item\":\"https:\\\/\\\/www.coffeemakers.de\\\/wpcm\\\/\"},{\"@type\":\"ListItem\",\"position\":2,\"name\":\"Kaffee und Karfreitag\"}]},{\"@type\":\"WebSite\",\"@id\":\"https:\\\/\\\/www.coffeemakers.de\\\/wpcm\\\/#website\",\"url\":\"https:\\\/\\\/www.coffeemakers.de\\\/wpcm\\\/\",\"name\":\"Coffeemakers Magazin\",\"description\":\"\",\"publisher\":{\"@id\":\"https:\\\/\\\/www.coffeemakers.de\\\/wpcm\\\/#organization\"},\"potentialAction\":[{\"@type\":\"SearchAction\",\"target\":{\"@type\":\"EntryPoint\",\"urlTemplate\":\"https:\\\/\\\/www.coffeemakers.de\\\/wpcm\\\/?s={search_term_string}\"},\"query-input\":{\"@type\":\"PropertyValueSpecification\",\"valueRequired\":true,\"valueName\":\"search_term_string\"}}],\"inLanguage\":\"de\"},{\"@type\":\"Organization\",\"@id\":\"https:\\\/\\\/www.coffeemakers.de\\\/wpcm\\\/#organization\",\"name\":\"Coffeemakers Magazin\",\"url\":\"https:\\\/\\\/www.coffeemakers.de\\\/wpcm\\\/\",\"logo\":{\"@type\":\"ImageObject\",\"inLanguage\":\"de\",\"@id\":\"https:\\\/\\\/www.coffeemakers.de\\\/wpcm\\\/#\\\/schema\\\/logo\\\/image\\\/\",\"url\":\"https:\\\/\\\/www.coffeemakers.de\\\/wpcm\\\/wp-content\\\/uploads\\\/2023\\\/06\\\/coffeemakers-logo-2018.png\",\"contentUrl\":\"https:\\\/\\\/www.coffeemakers.de\\\/wpcm\\\/wp-content\\\/uploads\\\/2023\\\/06\\\/coffeemakers-logo-2018.png\",\"width\":2723,\"height\":2723,\"caption\":\"Coffeemakers Magazin\"},\"image\":{\"@id\":\"https:\\\/\\\/www.coffeemakers.de\\\/wpcm\\\/#\\\/schema\\\/logo\\\/image\\\/\"}},{\"@type\":\"Person\",\"@id\":\"https:\\\/\\\/www.coffeemakers.de\\\/wpcm\\\/#\\\/schema\\\/person\\\/982e146c82954ad9882cc636b386af81\",\"name\":\"Coffeemakers Redaktion\",\"image\":{\"@type\":\"ImageObject\",\"inLanguage\":\"de\",\"@id\":\"https:\\\/\\\/www.coffeemakers.de\\\/wpcm\\\/wp-content\\\/uploads\\\/2023\\\/06\\\/cropped-cropped-coffeemakers-logo-2018-96x96.png\",\"url\":\"https:\\\/\\\/www.coffeemakers.de\\\/wpcm\\\/wp-content\\\/uploads\\\/2023\\\/06\\\/cropped-cropped-coffeemakers-logo-2018-96x96.png\",\"contentUrl\":\"https:\\\/\\\/www.coffeemakers.de\\\/wpcm\\\/wp-content\\\/uploads\\\/2023\\\/06\\\/cropped-cropped-coffeemakers-logo-2018-96x96.png\",\"caption\":\"Coffeemakers Redaktion\"},\"description\":\"Die Redaktion von Coffeemakers.de liefert ihnen alle Daten, Fakten und Hintergrundinfos, die ein Kaffeeliebhaber und stolzer Besitzer eines Kaffeevollautomaten braucht. Egal ob es dabei um den Kaffee selbst geht, seine Zubereitung, was gerade auf dem Markt f\u00fcr Kaffeevollautomaten los ist oder wie Sie dank guter Wartung und Pflege lange Freude an ihrem eigenen Ger\u00e4t haben.\",\"url\":\"https:\\\/\\\/www.coffeemakers.de\\\/wpcm\\\/author\\\/coffeemakers\\\/\"}]}<\/script>\n<!-- \/ Yoast SEO plugin. -->","yoast_head_json":{"title":"Kaffee und Karfreitag - Coffeemakers Magazin","description":"Karfreitag ist ein Tag der Trauer und des Verzichts. Doch gibt es einen Zusammenhang zum Thema Kaffee? \u2192 hier informieren","robots":{"index":"index","follow":"follow","max-snippet":"max-snippet:-1","max-image-preview":"max-image-preview:large","max-video-preview":"max-video-preview:-1"},"canonical":"https:\/\/www.coffeemakers.de\/wpcm\/kaffee-und-karfreitag\/","og_locale":"de_DE","og_type":"article","og_title":"Kaffee und Karfreitag - Coffeemakers Magazin","og_description":"Karfreitag ist ein Tag der Trauer und des Verzichts. Doch gibt es einen Zusammenhang zum Thema Kaffee? \u2192 hier informieren","og_url":"https:\/\/www.coffeemakers.de\/wpcm\/kaffee-und-karfreitag\/","og_site_name":"Coffeemakers Magazin","article_published_time":"2022-04-15T07:02:00+00:00","article_modified_time":"2024-06-12T08:34:05+00:00","og_image":[{"width":1024,"height":380,"url":"https:\/\/www.coffeemakers.de\/wpcm\/wp-content\/uploads\/2022\/04\/coffee-beans-6252688_1280.jpg","type":"image\/jpeg"}],"author":"Coffeemakers Redaktion","twitter_card":"summary_large_image","twitter_misc":{"Verfasst von":"Coffeemakers Redaktion","Gesch\u00e4tzte Lesezeit":"2\u00a0Minuten"},"schema":{"@context":"https:\/\/schema.org","@graph":[{"@type":"Article","@id":"https:\/\/www.coffeemakers.de\/wpcm\/kaffee-und-karfreitag\/#article","isPartOf":{"@id":"https:\/\/www.coffeemakers.de\/wpcm\/kaffee-und-karfreitag\/"},"author":{"name":"Coffeemakers Redaktion","@id":"https:\/\/www.coffeemakers.de\/wpcm\/#\/schema\/person\/982e146c82954ad9882cc636b386af81"},"headline":"Kaffee und Karfreitag","datePublished":"2022-04-15T07:02:00+00:00","dateModified":"2024-06-12T08:34:05+00:00","mainEntityOfPage":{"@id":"https:\/\/www.coffeemakers.de\/wpcm\/kaffee-und-karfreitag\/"},"wordCount":329,"publisher":{"@id":"https:\/\/www.coffeemakers.de\/wpcm\/#organization"},"image":{"@id":"https:\/\/www.coffeemakers.de\/wpcm\/kaffee-und-karfreitag\/#primaryimage"},"thumbnailUrl":"https:\/\/www.coffeemakers.de\/wpcm\/wp-content\/uploads\/2022\/04\/coffee-beans-6252688_1280.jpg","keywords":["Kaffee"],"articleSection":["Coffeemakers Magazin"],"inLanguage":"de"},{"@type":"WebPage","@id":"https:\/\/www.coffeemakers.de\/wpcm\/kaffee-und-karfreitag\/","url":"https:\/\/www.coffeemakers.de\/wpcm\/kaffee-und-karfreitag\/","name":"Kaffee und Karfreitag - Coffeemakers Magazin","isPartOf":{"@id":"https:\/\/www.coffeemakers.de\/wpcm\/#website"},"primaryImageOfPage":{"@id":"https:\/\/www.coffeemakers.de\/wpcm\/kaffee-und-karfreitag\/#primaryimage"},"image":{"@id":"https:\/\/www.coffeemakers.de\/wpcm\/kaffee-und-karfreitag\/#primaryimage"},"thumbnailUrl":"https:\/\/www.coffeemakers.de\/wpcm\/wp-content\/uploads\/2022\/04\/coffee-beans-6252688_1280.jpg","datePublished":"2022-04-15T07:02:00+00:00","dateModified":"2024-06-12T08:34:05+00:00","description":"Karfreitag ist ein Tag der Trauer und des Verzichts. Doch gibt es einen Zusammenhang zum Thema Kaffee? \u2192 hier informieren","breadcrumb":{"@id":"https:\/\/www.coffeemakers.de\/wpcm\/kaffee-und-karfreitag\/#breadcrumb"},"inLanguage":"de","potentialAction":[{"@type":"ReadAction","target":["https:\/\/www.coffeemakers.de\/wpcm\/kaffee-und-karfreitag\/"]}]},{"@type":"ImageObject","inLanguage":"de","@id":"https:\/\/www.coffeemakers.de\/wpcm\/kaffee-und-karfreitag\/#primaryimage","url":"https:\/\/www.coffeemakers.de\/wpcm\/wp-content\/uploads\/2022\/04\/coffee-beans-6252688_1280.jpg","contentUrl":"https:\/\/www.coffeemakers.de\/wpcm\/wp-content\/uploads\/2022\/04\/coffee-beans-6252688_1280.jpg","width":1024,"height":380},{"@type":"BreadcrumbList","@id":"https:\/\/www.coffeemakers.de\/wpcm\/kaffee-und-karfreitag\/#breadcrumb","itemListElement":[{"@type":"ListItem","position":1,"name":"Startseite","item":"https:\/\/www.coffeemakers.de\/wpcm\/"},{"@type":"ListItem","position":2,"name":"Kaffee und Karfreitag"}]},{"@type":"WebSite","@id":"https:\/\/www.coffeemakers.de\/wpcm\/#website","url":"https:\/\/www.coffeemakers.de\/wpcm\/","name":"Coffeemakers Magazin","description":"","publisher":{"@id":"https:\/\/www.coffeemakers.de\/wpcm\/#organization"},"potentialAction":[{"@type":"SearchAction","target":{"@type":"EntryPoint","urlTemplate":"https:\/\/www.coffeemakers.de\/wpcm\/?s={search_term_string}"},"query-input":{"@type":"PropertyValueSpecification","valueRequired":true,"valueName":"search_term_string"}}],"inLanguage":"de"},{"@type":"Organization","@id":"https:\/\/www.coffeemakers.de\/wpcm\/#organization","name":"Coffeemakers Magazin","url":"https:\/\/www.coffeemakers.de\/wpcm\/","logo":{"@type":"ImageObject","inLanguage":"de","@id":"https:\/\/www.coffeemakers.de\/wpcm\/#\/schema\/logo\/image\/","url":"https:\/\/www.coffeemakers.de\/wpcm\/wp-content\/uploads\/2023\/06\/coffeemakers-logo-2018.png","contentUrl":"https:\/\/www.coffeemakers.de\/wpcm\/wp-content\/uploads\/2023\/06\/coffeemakers-logo-2018.png","width":2723,"height":2723,"caption":"Coffeemakers Magazin"},"image":{"@id":"https:\/\/www.coffeemakers.de\/wpcm\/#\/schema\/logo\/image\/"}},{"@type":"Person","@id":"https:\/\/www.coffeemakers.de\/wpcm\/#\/schema\/person\/982e146c82954ad9882cc636b386af81","name":"Coffeemakers Redaktion","image":{"@type":"ImageObject","inLanguage":"de","@id":"https:\/\/www.coffeemakers.de\/wpcm\/wp-content\/uploads\/2023\/06\/cropped-cropped-coffeemakers-logo-2018-96x96.png","url":"https:\/\/www.coffeemakers.de\/wpcm\/wp-content\/uploads\/2023\/06\/cropped-cropped-coffeemakers-logo-2018-96x96.png","contentUrl":"https:\/\/www.coffeemakers.de\/wpcm\/wp-content\/uploads\/2023\/06\/cropped-cropped-coffeemakers-logo-2018-96x96.png","caption":"Coffeemakers Redaktion"},"description":"Die Redaktion von Coffeemakers.de liefert ihnen alle Daten, Fakten und Hintergrundinfos, die ein Kaffeeliebhaber und stolzer Besitzer eines Kaffeevollautomaten braucht. Egal ob es dabei um den Kaffee selbst geht, seine Zubereitung, was gerade auf dem Markt f\u00fcr Kaffeevollautomaten los ist oder wie Sie dank guter Wartung und Pflege lange Freude an ihrem eigenen Ger\u00e4t haben.","url":"https:\/\/www.coffeemakers.de\/wpcm\/author\/coffeemakers\/"}]}},"_links":{"self":[{"href":"https:\/\/www.coffeemakers.de\/wpcm\/wp-json\/wp\/v2\/posts\/6916","targetHints":{"allow":["GET"]}}],"collection":[{"href":"https:\/\/www.coffeemakers.de\/wpcm\/wp-json\/wp\/v2\/posts"}],"about":[{"href":"https:\/\/www.coffeemakers.de\/wpcm\/wp-json\/wp\/v2\/types\/post"}],"author":[{"embeddable":true,"href":"https:\/\/www.coffeemakers.de\/wpcm\/wp-json\/wp\/v2\/users\/3"}],"replies":[{"embeddable":true,"href":"https:\/\/www.coffeemakers.de\/wpcm\/wp-json\/wp\/v2\/comments?post=6916"}],"version-history":[{"count":6,"href":"https:\/\/www.coffeemakers.de\/wpcm\/wp-json\/wp\/v2\/posts\/6916\/revisions"}],"predecessor-version":[{"id":8881,"href":"https:\/\/www.coffeemakers.de\/wpcm\/wp-json\/wp\/v2\/posts\/6916\/revisions\/8881"}],"wp:featuredmedia":[{"embeddable":true,"href":"https:\/\/www.coffeemakers.de\/wpcm\/wp-json\/wp\/v2\/media\/7035"}],"wp:attachment":[{"href":"https:\/\/www.coffeemakers.de\/wpcm\/wp-json\/wp\/v2\/media?parent=6916"}],"wp:term":[{"taxonomy":"category","embeddable":true,"href":"https:\/\/www.coffeemakers.de\/wpcm\/wp-json\/wp\/v2\/categories?post=6916"},{"taxonomy":"post_tag","embeddable":true,"href":"https:\/\/www.coffeemakers.de\/wpcm\/wp-json\/wp\/v2\/tags?post=6916"}],"curies":[{"name":"wp","href":"https:\/\/api.w.org\/{rel}","templated":true}]}}