{"id":5598,"date":"2021-11-26T12:06:00","date_gmt":"2021-11-26T11:06:00","guid":{"rendered":"https:\/\/www.coffeemakers.de\/wpcm\/?p=5598"},"modified":"2021-11-23T11:48:21","modified_gmt":"2021-11-23T10:48:21","slug":"wendung-im-kaffeeanbau","status":"publish","type":"post","link":"https:\/\/www.coffeemakers.de\/wpcm\/wendung-im-kaffeeanbau\/","title":{"rendered":"Kommt die Wende im Kaffeeanbau?"},"content":{"rendered":"\n<p><strong>Nicht \u00fcberall kann Kaffee angebaut werden, das Klima sowie die H\u00f6henlage spielen eine wichtige Rolle. F\u00fcr die enorme Nachfrage musste bisher auch schon Regenwald weichen &#8211; ist das bald vorbei?<\/strong><\/p>\n\n\n\n<!--more-->\n\n\n\n<p>Kaffee ist nach Roh\u00f6l der Rohstoff mit dem gr\u00f6\u00dften Handelsvolumen. Es ist also nicht verwunderlich, dass f\u00fcr den Kaffeeanbau riesige Anbaufl\u00e4chen ben\u00f6tigt werden. Zus\u00e4tzlich ist das vor Ort herrschende Klima ein wichtiger Faktor f\u00fcr den gelungenen Kaffeeanbau. Die zunehmende Hitze sowie fehlende Feuchtigkeit in Kombination mit Insektenplagen machen es den Kaffeebauern nicht einfacher, der enormen Nachfrage nachzukommen.<\/p>\n\n\n\n<p>Obwohl Kaffee urspr\u00fcnglich aus Afrika kommt, sind die Top-Anbaul\u00e4nder heutzutage in S\u00fcdamerika und Asien zu finden. Man kann sich also vorstellen, dass der Kaffeeanbau vor einigen Jahrzehnten ein sehr lukratives Gesch\u00e4ft war und teilweise heute immer noch ist. Die Nachfrage steigt immer weiter &#8211; im Gegenzug werden die Anbaufl\u00e4chen immer weniger.<\/p>\n\n\n<h2 class=\"wp-block-heading\" id=\"regenwald-wird-fuer-die-braunen-bohnen-geopfert\">Regenwald wird f\u00fcr die braunen Bohnen geopfert<\/h2>\n\n\n<p>Simpel gesagt: Der Platz reicht nicht mehr aus. F\u00fcr die enormen Anbaufl\u00e4chen, hier geht es nicht alleine um Kaffee sondern auch um Soja, Rindfleisch, Kautschuk, etc., m\u00fcssen neue Landstriche erschlossen werden. Seit Jahrzehnten wird systematisch Regenwald f\u00fcr neue landwirtschaftliche Fl\u00e4chen abgeholzt &#8211; das hat die Verdr\u00e4ngung von etlichen Tierarten aber auch das Freisetzen von Kohlendioxid, welches davor in den W\u00e4ldern gebunden war, zur Folge.<\/p>\n\n\n<h2 class=\"wp-block-heading\" id=\"neues-eugesetz-gegen-die-abholzung-des-regenwalds\">Neues EU-Gesetz gegen die Abholzung des Regenwalds<\/h2>\n\n\n<p>Umweltschutz ist in Europa schon lange kein Randthema mehr. Viele Politiker in verschiedenen L\u00e4ndern betrachten den Schutz der Natur als fundamental und ein Gro\u00dfteil der Konsumgesellschaft will mit guten Gewissen einkaufen und ist bereit f\u00fcr fair hergestellte Produkte den angemessenen Preis zu zahlen. Als Reaktion auf diese Einstellung hat die EU-Kommission zwei Gesetze auf den Weg gebracht, die verhindern sollen, dass bestimmte Waren in die EU importiert werden. Genauer geht es um Waren, die auf Fl\u00e4chen erzeugt wurden, die nach dem 30.12.2020 abgeholzt wurden.<\/p>\n\n\n<h2 class=\"wp-block-heading\" id=\"fazit\">Fazit<\/h2>\n\n\n<p>Wie und ob das Gesetz erfolgreich umgesetzt wird, steht noch in den Sternen. Allerdings ist es ein wichtiger Schritt in Richtung mehr Umweltschutz und ein internationales Zeichen.<\/p>\n","protected":false},"excerpt":{"rendered":"<p>K\u00f6nnte ein neuer Gesetzentwurf der EU die Abholzung des Regenwaldes f\u00fcr den Kaffeeanbau stoppen?<\/p>\n","protected":false},"author":3,"featured_media":5599,"comment_status":"closed","ping_status":"closed","sticky":false,"template":"","format":"standard","meta":{"footnotes":""},"categories":[71],"tags":[209],"class_list":["post-5598","post","type-post","status-publish","format-standard","has-post-thumbnail","hentry","category-coffeemakers-magazin","tag-kaffeeanbau"],"yoast_head":"<!-- This site is optimized with the Yoast SEO plugin v27.3 - https:\/\/yoast.com\/product\/yoast-seo-wordpress\/ -->\n<title>Kommt die Wende im Kaffeeanbau? - Coffeemakers Magazin<\/title>\n<meta name=\"description\" content=\"F\u00fcr unter anderem Kaffee wird immer mehr Regenwald abgeholzt - kann ein neues EU-Gesetz das verhindern? \u2192 hier informieren\" \/>\n<meta name=\"robots\" content=\"index, follow, max-snippet:-1, max-image-preview:large, max-video-preview:-1\" \/>\n<link rel=\"canonical\" href=\"https:\/\/www.coffeemakers.de\/wpcm\/wendung-im-kaffeeanbau\/\" \/>\n<meta property=\"og:locale\" content=\"de_DE\" \/>\n<meta property=\"og:type\" content=\"article\" \/>\n<meta property=\"og:title\" content=\"Kommt die Wende im Kaffeeanbau? - Coffeemakers Magazin\" \/>\n<meta property=\"og:description\" content=\"F\u00fcr unter anderem Kaffee wird immer mehr Regenwald abgeholzt - kann ein neues EU-Gesetz das verhindern? \u2192 hier informieren\" \/>\n<meta property=\"og:url\" content=\"https:\/\/www.coffeemakers.de\/wpcm\/wendung-im-kaffeeanbau\/\" \/>\n<meta property=\"og:site_name\" content=\"Coffeemakers Magazin\" \/>\n<meta property=\"article:published_time\" content=\"2021-11-26T11:06:00+00:00\" \/>\n<meta property=\"og:image\" content=\"https:\/\/www.coffeemakers.de\/wpcm\/wp-content\/uploads\/2021\/11\/Regenwald.jpg\" \/>\n\t<meta property=\"og:image:width\" content=\"1024\" \/>\n\t<meta property=\"og:image:height\" content=\"380\" \/>\n\t<meta property=\"og:image:type\" content=\"image\/jpeg\" \/>\n<meta name=\"author\" content=\"Coffeemakers Redaktion\" \/>\n<meta name=\"twitter:card\" content=\"summary_large_image\" \/>\n<meta name=\"twitter:label1\" content=\"Verfasst von\" \/>\n\t<meta name=\"twitter:data1\" content=\"Coffeemakers Redaktion\" \/>\n\t<meta name=\"twitter:label2\" content=\"Gesch\u00e4tzte Lesezeit\" \/>\n\t<meta name=\"twitter:data2\" content=\"2\u00a0Minuten\" \/>\n<script type=\"application\/ld+json\" class=\"yoast-schema-graph\">{\"@context\":\"https:\\\/\\\/schema.org\",\"@graph\":[{\"@type\":\"Article\",\"@id\":\"https:\\\/\\\/www.coffeemakers.de\\\/wpcm\\\/wendung-im-kaffeeanbau\\\/#article\",\"isPartOf\":{\"@id\":\"https:\\\/\\\/www.coffeemakers.de\\\/wpcm\\\/wendung-im-kaffeeanbau\\\/\"},\"author\":{\"name\":\"Coffeemakers Redaktion\",\"@id\":\"https:\\\/\\\/www.coffeemakers.de\\\/wpcm\\\/#\\\/schema\\\/person\\\/982e146c82954ad9882cc636b386af81\"},\"headline\":\"Kommt die Wende im Kaffeeanbau?\",\"datePublished\":\"2021-11-26T11:06:00+00:00\",\"mainEntityOfPage\":{\"@id\":\"https:\\\/\\\/www.coffeemakers.de\\\/wpcm\\\/wendung-im-kaffeeanbau\\\/\"},\"wordCount\":358,\"publisher\":{\"@id\":\"https:\\\/\\\/www.coffeemakers.de\\\/wpcm\\\/#organization\"},\"image\":{\"@id\":\"https:\\\/\\\/www.coffeemakers.de\\\/wpcm\\\/wendung-im-kaffeeanbau\\\/#primaryimage\"},\"thumbnailUrl\":\"https:\\\/\\\/www.coffeemakers.de\\\/wpcm\\\/wp-content\\\/uploads\\\/2021\\\/11\\\/Regenwald.jpg\",\"keywords\":[\"Kaffeeanbau\"],\"articleSection\":[\"Coffeemakers Magazin\"],\"inLanguage\":\"de\"},{\"@type\":\"WebPage\",\"@id\":\"https:\\\/\\\/www.coffeemakers.de\\\/wpcm\\\/wendung-im-kaffeeanbau\\\/\",\"url\":\"https:\\\/\\\/www.coffeemakers.de\\\/wpcm\\\/wendung-im-kaffeeanbau\\\/\",\"name\":\"Kommt die Wende im Kaffeeanbau? - Coffeemakers Magazin\",\"isPartOf\":{\"@id\":\"https:\\\/\\\/www.coffeemakers.de\\\/wpcm\\\/#website\"},\"primaryImageOfPage\":{\"@id\":\"https:\\\/\\\/www.coffeemakers.de\\\/wpcm\\\/wendung-im-kaffeeanbau\\\/#primaryimage\"},\"image\":{\"@id\":\"https:\\\/\\\/www.coffeemakers.de\\\/wpcm\\\/wendung-im-kaffeeanbau\\\/#primaryimage\"},\"thumbnailUrl\":\"https:\\\/\\\/www.coffeemakers.de\\\/wpcm\\\/wp-content\\\/uploads\\\/2021\\\/11\\\/Regenwald.jpg\",\"datePublished\":\"2021-11-26T11:06:00+00:00\",\"description\":\"F\u00fcr unter anderem Kaffee wird immer mehr Regenwald abgeholzt - kann ein neues EU-Gesetz das verhindern? \u2192 hier informieren\",\"breadcrumb\":{\"@id\":\"https:\\\/\\\/www.coffeemakers.de\\\/wpcm\\\/wendung-im-kaffeeanbau\\\/#breadcrumb\"},\"inLanguage\":\"de\",\"potentialAction\":[{\"@type\":\"ReadAction\",\"target\":[\"https:\\\/\\\/www.coffeemakers.de\\\/wpcm\\\/wendung-im-kaffeeanbau\\\/\"]}]},{\"@type\":\"ImageObject\",\"inLanguage\":\"de\",\"@id\":\"https:\\\/\\\/www.coffeemakers.de\\\/wpcm\\\/wendung-im-kaffeeanbau\\\/#primaryimage\",\"url\":\"https:\\\/\\\/www.coffeemakers.de\\\/wpcm\\\/wp-content\\\/uploads\\\/2021\\\/11\\\/Regenwald.jpg\",\"contentUrl\":\"https:\\\/\\\/www.coffeemakers.de\\\/wpcm\\\/wp-content\\\/uploads\\\/2021\\\/11\\\/Regenwald.jpg\",\"width\":1024,\"height\":380,\"caption\":\"Bild eines Regenwaldes.\"},{\"@type\":\"BreadcrumbList\",\"@id\":\"https:\\\/\\\/www.coffeemakers.de\\\/wpcm\\\/wendung-im-kaffeeanbau\\\/#breadcrumb\",\"itemListElement\":[{\"@type\":\"ListItem\",\"position\":1,\"name\":\"Startseite\",\"item\":\"https:\\\/\\\/www.coffeemakers.de\\\/wpcm\\\/\"},{\"@type\":\"ListItem\",\"position\":2,\"name\":\"Kommt die Wende im Kaffeeanbau?\"}]},{\"@type\":\"WebSite\",\"@id\":\"https:\\\/\\\/www.coffeemakers.de\\\/wpcm\\\/#website\",\"url\":\"https:\\\/\\\/www.coffeemakers.de\\\/wpcm\\\/\",\"name\":\"Coffeemakers Magazin\",\"description\":\"\",\"publisher\":{\"@id\":\"https:\\\/\\\/www.coffeemakers.de\\\/wpcm\\\/#organization\"},\"potentialAction\":[{\"@type\":\"SearchAction\",\"target\":{\"@type\":\"EntryPoint\",\"urlTemplate\":\"https:\\\/\\\/www.coffeemakers.de\\\/wpcm\\\/?s={search_term_string}\"},\"query-input\":{\"@type\":\"PropertyValueSpecification\",\"valueRequired\":true,\"valueName\":\"search_term_string\"}}],\"inLanguage\":\"de\"},{\"@type\":\"Organization\",\"@id\":\"https:\\\/\\\/www.coffeemakers.de\\\/wpcm\\\/#organization\",\"name\":\"Coffeemakers Magazin\",\"url\":\"https:\\\/\\\/www.coffeemakers.de\\\/wpcm\\\/\",\"logo\":{\"@type\":\"ImageObject\",\"inLanguage\":\"de\",\"@id\":\"https:\\\/\\\/www.coffeemakers.de\\\/wpcm\\\/#\\\/schema\\\/logo\\\/image\\\/\",\"url\":\"https:\\\/\\\/www.coffeemakers.de\\\/wpcm\\\/wp-content\\\/uploads\\\/2023\\\/06\\\/coffeemakers-logo-2018.png\",\"contentUrl\":\"https:\\\/\\\/www.coffeemakers.de\\\/wpcm\\\/wp-content\\\/uploads\\\/2023\\\/06\\\/coffeemakers-logo-2018.png\",\"width\":2723,\"height\":2723,\"caption\":\"Coffeemakers Magazin\"},\"image\":{\"@id\":\"https:\\\/\\\/www.coffeemakers.de\\\/wpcm\\\/#\\\/schema\\\/logo\\\/image\\\/\"}},{\"@type\":\"Person\",\"@id\":\"https:\\\/\\\/www.coffeemakers.de\\\/wpcm\\\/#\\\/schema\\\/person\\\/982e146c82954ad9882cc636b386af81\",\"name\":\"Coffeemakers Redaktion\",\"image\":{\"@type\":\"ImageObject\",\"inLanguage\":\"de\",\"@id\":\"https:\\\/\\\/www.coffeemakers.de\\\/wpcm\\\/wp-content\\\/uploads\\\/2023\\\/06\\\/cropped-cropped-coffeemakers-logo-2018-96x96.png\",\"url\":\"https:\\\/\\\/www.coffeemakers.de\\\/wpcm\\\/wp-content\\\/uploads\\\/2023\\\/06\\\/cropped-cropped-coffeemakers-logo-2018-96x96.png\",\"contentUrl\":\"https:\\\/\\\/www.coffeemakers.de\\\/wpcm\\\/wp-content\\\/uploads\\\/2023\\\/06\\\/cropped-cropped-coffeemakers-logo-2018-96x96.png\",\"caption\":\"Coffeemakers Redaktion\"},\"description\":\"Die Redaktion von Coffeemakers.de liefert ihnen alle Daten, Fakten und Hintergrundinfos, die ein Kaffeeliebhaber und stolzer Besitzer eines Kaffeevollautomaten braucht. Egal ob es dabei um den Kaffee selbst geht, seine Zubereitung, was gerade auf dem Markt f\u00fcr Kaffeevollautomaten los ist oder wie Sie dank guter Wartung und Pflege lange Freude an ihrem eigenen Ger\u00e4t haben.\",\"url\":\"https:\\\/\\\/www.coffeemakers.de\\\/wpcm\\\/author\\\/coffeemakers\\\/\"}]}<\/script>\n<!-- \/ Yoast SEO plugin. -->","yoast_head_json":{"title":"Kommt die Wende im Kaffeeanbau? - Coffeemakers Magazin","description":"F\u00fcr unter anderem Kaffee wird immer mehr Regenwald abgeholzt - kann ein neues EU-Gesetz das verhindern? \u2192 hier informieren","robots":{"index":"index","follow":"follow","max-snippet":"max-snippet:-1","max-image-preview":"max-image-preview:large","max-video-preview":"max-video-preview:-1"},"canonical":"https:\/\/www.coffeemakers.de\/wpcm\/wendung-im-kaffeeanbau\/","og_locale":"de_DE","og_type":"article","og_title":"Kommt die Wende im Kaffeeanbau? - Coffeemakers Magazin","og_description":"F\u00fcr unter anderem Kaffee wird immer mehr Regenwald abgeholzt - kann ein neues EU-Gesetz das verhindern? \u2192 hier informieren","og_url":"https:\/\/www.coffeemakers.de\/wpcm\/wendung-im-kaffeeanbau\/","og_site_name":"Coffeemakers Magazin","article_published_time":"2021-11-26T11:06:00+00:00","og_image":[{"width":1024,"height":380,"url":"https:\/\/www.coffeemakers.de\/wpcm\/wp-content\/uploads\/2021\/11\/Regenwald.jpg","type":"image\/jpeg"}],"author":"Coffeemakers Redaktion","twitter_card":"summary_large_image","twitter_misc":{"Verfasst von":"Coffeemakers Redaktion","Gesch\u00e4tzte Lesezeit":"2\u00a0Minuten"},"schema":{"@context":"https:\/\/schema.org","@graph":[{"@type":"Article","@id":"https:\/\/www.coffeemakers.de\/wpcm\/wendung-im-kaffeeanbau\/#article","isPartOf":{"@id":"https:\/\/www.coffeemakers.de\/wpcm\/wendung-im-kaffeeanbau\/"},"author":{"name":"Coffeemakers Redaktion","@id":"https:\/\/www.coffeemakers.de\/wpcm\/#\/schema\/person\/982e146c82954ad9882cc636b386af81"},"headline":"Kommt die Wende im Kaffeeanbau?","datePublished":"2021-11-26T11:06:00+00:00","mainEntityOfPage":{"@id":"https:\/\/www.coffeemakers.de\/wpcm\/wendung-im-kaffeeanbau\/"},"wordCount":358,"publisher":{"@id":"https:\/\/www.coffeemakers.de\/wpcm\/#organization"},"image":{"@id":"https:\/\/www.coffeemakers.de\/wpcm\/wendung-im-kaffeeanbau\/#primaryimage"},"thumbnailUrl":"https:\/\/www.coffeemakers.de\/wpcm\/wp-content\/uploads\/2021\/11\/Regenwald.jpg","keywords":["Kaffeeanbau"],"articleSection":["Coffeemakers Magazin"],"inLanguage":"de"},{"@type":"WebPage","@id":"https:\/\/www.coffeemakers.de\/wpcm\/wendung-im-kaffeeanbau\/","url":"https:\/\/www.coffeemakers.de\/wpcm\/wendung-im-kaffeeanbau\/","name":"Kommt die Wende im Kaffeeanbau? - Coffeemakers Magazin","isPartOf":{"@id":"https:\/\/www.coffeemakers.de\/wpcm\/#website"},"primaryImageOfPage":{"@id":"https:\/\/www.coffeemakers.de\/wpcm\/wendung-im-kaffeeanbau\/#primaryimage"},"image":{"@id":"https:\/\/www.coffeemakers.de\/wpcm\/wendung-im-kaffeeanbau\/#primaryimage"},"thumbnailUrl":"https:\/\/www.coffeemakers.de\/wpcm\/wp-content\/uploads\/2021\/11\/Regenwald.jpg","datePublished":"2021-11-26T11:06:00+00:00","description":"F\u00fcr unter anderem Kaffee wird immer mehr Regenwald abgeholzt - kann ein neues EU-Gesetz das verhindern? \u2192 hier informieren","breadcrumb":{"@id":"https:\/\/www.coffeemakers.de\/wpcm\/wendung-im-kaffeeanbau\/#breadcrumb"},"inLanguage":"de","potentialAction":[{"@type":"ReadAction","target":["https:\/\/www.coffeemakers.de\/wpcm\/wendung-im-kaffeeanbau\/"]}]},{"@type":"ImageObject","inLanguage":"de","@id":"https:\/\/www.coffeemakers.de\/wpcm\/wendung-im-kaffeeanbau\/#primaryimage","url":"https:\/\/www.coffeemakers.de\/wpcm\/wp-content\/uploads\/2021\/11\/Regenwald.jpg","contentUrl":"https:\/\/www.coffeemakers.de\/wpcm\/wp-content\/uploads\/2021\/11\/Regenwald.jpg","width":1024,"height":380,"caption":"Bild eines Regenwaldes."},{"@type":"BreadcrumbList","@id":"https:\/\/www.coffeemakers.de\/wpcm\/wendung-im-kaffeeanbau\/#breadcrumb","itemListElement":[{"@type":"ListItem","position":1,"name":"Startseite","item":"https:\/\/www.coffeemakers.de\/wpcm\/"},{"@type":"ListItem","position":2,"name":"Kommt die Wende im Kaffeeanbau?"}]},{"@type":"WebSite","@id":"https:\/\/www.coffeemakers.de\/wpcm\/#website","url":"https:\/\/www.coffeemakers.de\/wpcm\/","name":"Coffeemakers Magazin","description":"","publisher":{"@id":"https:\/\/www.coffeemakers.de\/wpcm\/#organization"},"potentialAction":[{"@type":"SearchAction","target":{"@type":"EntryPoint","urlTemplate":"https:\/\/www.coffeemakers.de\/wpcm\/?s={search_term_string}"},"query-input":{"@type":"PropertyValueSpecification","valueRequired":true,"valueName":"search_term_string"}}],"inLanguage":"de"},{"@type":"Organization","@id":"https:\/\/www.coffeemakers.de\/wpcm\/#organization","name":"Coffeemakers Magazin","url":"https:\/\/www.coffeemakers.de\/wpcm\/","logo":{"@type":"ImageObject","inLanguage":"de","@id":"https:\/\/www.coffeemakers.de\/wpcm\/#\/schema\/logo\/image\/","url":"https:\/\/www.coffeemakers.de\/wpcm\/wp-content\/uploads\/2023\/06\/coffeemakers-logo-2018.png","contentUrl":"https:\/\/www.coffeemakers.de\/wpcm\/wp-content\/uploads\/2023\/06\/coffeemakers-logo-2018.png","width":2723,"height":2723,"caption":"Coffeemakers Magazin"},"image":{"@id":"https:\/\/www.coffeemakers.de\/wpcm\/#\/schema\/logo\/image\/"}},{"@type":"Person","@id":"https:\/\/www.coffeemakers.de\/wpcm\/#\/schema\/person\/982e146c82954ad9882cc636b386af81","name":"Coffeemakers Redaktion","image":{"@type":"ImageObject","inLanguage":"de","@id":"https:\/\/www.coffeemakers.de\/wpcm\/wp-content\/uploads\/2023\/06\/cropped-cropped-coffeemakers-logo-2018-96x96.png","url":"https:\/\/www.coffeemakers.de\/wpcm\/wp-content\/uploads\/2023\/06\/cropped-cropped-coffeemakers-logo-2018-96x96.png","contentUrl":"https:\/\/www.coffeemakers.de\/wpcm\/wp-content\/uploads\/2023\/06\/cropped-cropped-coffeemakers-logo-2018-96x96.png","caption":"Coffeemakers Redaktion"},"description":"Die Redaktion von Coffeemakers.de liefert ihnen alle Daten, Fakten und Hintergrundinfos, die ein Kaffeeliebhaber und stolzer Besitzer eines Kaffeevollautomaten braucht. Egal ob es dabei um den Kaffee selbst geht, seine Zubereitung, was gerade auf dem Markt f\u00fcr Kaffeevollautomaten los ist oder wie Sie dank guter Wartung und Pflege lange Freude an ihrem eigenen Ger\u00e4t haben.","url":"https:\/\/www.coffeemakers.de\/wpcm\/author\/coffeemakers\/"}]}},"_links":{"self":[{"href":"https:\/\/www.coffeemakers.de\/wpcm\/wp-json\/wp\/v2\/posts\/5598","targetHints":{"allow":["GET"]}}],"collection":[{"href":"https:\/\/www.coffeemakers.de\/wpcm\/wp-json\/wp\/v2\/posts"}],"about":[{"href":"https:\/\/www.coffeemakers.de\/wpcm\/wp-json\/wp\/v2\/types\/post"}],"author":[{"embeddable":true,"href":"https:\/\/www.coffeemakers.de\/wpcm\/wp-json\/wp\/v2\/users\/3"}],"replies":[{"embeddable":true,"href":"https:\/\/www.coffeemakers.de\/wpcm\/wp-json\/wp\/v2\/comments?post=5598"}],"version-history":[{"count":3,"href":"https:\/\/www.coffeemakers.de\/wpcm\/wp-json\/wp\/v2\/posts\/5598\/revisions"}],"predecessor-version":[{"id":5638,"href":"https:\/\/www.coffeemakers.de\/wpcm\/wp-json\/wp\/v2\/posts\/5598\/revisions\/5638"}],"wp:featuredmedia":[{"embeddable":true,"href":"https:\/\/www.coffeemakers.de\/wpcm\/wp-json\/wp\/v2\/media\/5599"}],"wp:attachment":[{"href":"https:\/\/www.coffeemakers.de\/wpcm\/wp-json\/wp\/v2\/media?parent=5598"}],"wp:term":[{"taxonomy":"category","embeddable":true,"href":"https:\/\/www.coffeemakers.de\/wpcm\/wp-json\/wp\/v2\/categories?post=5598"},{"taxonomy":"post_tag","embeddable":true,"href":"https:\/\/www.coffeemakers.de\/wpcm\/wp-json\/wp\/v2\/tags?post=5598"}],"curies":[{"name":"wp","href":"https:\/\/api.w.org\/{rel}","templated":true}]}}