{"id":5581,"date":"2021-11-29T09:53:00","date_gmt":"2021-11-29T08:53:00","guid":{"rendered":"https:\/\/www.coffeemakers.de\/wpcm\/?p=5581"},"modified":"2021-11-23T11:58:25","modified_gmt":"2021-11-23T10:58:25","slug":"wie-kaffee-europa-veraenderte","status":"publish","type":"post","link":"https:\/\/www.coffeemakers.de\/wpcm\/wie-kaffee-europa-veraenderte\/","title":{"rendered":"Wie Kaffee Europa ver\u00e4nderte"},"content":{"rendered":"\n<p><strong>Der erste Kaffee wurde im sp\u00e4ten 16. Jahrhundert nach Europa gehandelt, von da an ist es eines der beliebtesten Getr\u00e4nke<\/strong>.<\/p>\n\n\n\n<!--more-->\n\n\n\n<p>Kaffee ist heute nicht nur irgendein Hei\u00dfgetr\u00e4nk &#8211; nein, es ist vielmehr eine eigene Wissenschaft. Mit Liebhabern, die Kaffee zum Genuss konsumieren, und zum anderen mit Menschen, die seine Wirkung als Muntermacher sch\u00e4tzen. Doch wie kam der erste Kaffee \u00fcberhaupt nach Europa und wie ist der Einfluss der Bohnen zu bewerten?<\/p>\n\n\n<h2 class=\"wp-block-heading\" id=\"der-lange-weg-nach-europa\">Der lange Weg nach Europa<\/h2>\n\n\n<p>Die Entdeckung von Kaffee in \u00c4thiopien im 9. Jahrhundert ist heutzutage ein weit akzeptierter Fakt. Ziegenhirten berichteten von der Wirkung der Kaffeekirschen, nachdem ihre Tiere diese verkosteten hatten, waren sie viel aktiver als sonst. Zuerst wurde jedoch aus den Bl\u00e4ttern der Kaffeepflanze eine Art Tee gekocht, mit der Zeit wurden die Krschen selbst verarbeitet. <\/p>\n\n\n\n<p>Bis ins 15. Jahrhundert hat sich Kaffee in der gesamten muslimischen Welt ausgebreitet, samt Kaffeestuben die teilweise bis heute noch existieren. In der ersten H\u00e4lfte des 16. Jahrhunderts wurde in vermutlich Syrien die Bohnenr\u00f6stung erstmals erprobt. Bis heute wird auf das gleichm\u00e4\u00dfige R\u00f6sten der Bohnen gesetzt. Kaffee hatte auch schon damals durch das enthaltene Koffein eine konzentrierende und wachhaltende Wirkung, auch wenn der Koffeingehalt weit schw\u00e4cher war als heutzutage. <\/p>\n\n\n\n<p>Nach der Belagerung von Wien und der folgenden Niederlage der t\u00fcrkischen Truppen lie\u00dfen diese s\u00e4ckeweise mitgebrachten Kaffee zur\u00fcck. Ein pfiffiger Wiener gr\u00fcndete mit den erbeuteten S\u00e4cken das erste Wiener Kaffeehaus.<\/p>\n\n\n\n<p>Allerdings kam es erst im sp\u00e4ten 16. Jahrhundert zu ersten direkten Ber\u00fchrungspunkten der Europ\u00e4er mit Kaffee durch H\u00e4ndler, Reisende, Gelehrte, etc. Vom Anbau bis zur Zubereitung wurden Berichte erstellt, die die Verwendung dokumentierten, andere Europ\u00e4er brachten die Kaffeebohnen direkt auf ihren Heimatkontinent zur\u00fcck.<\/p>\n\n\n\n<p>Durch die damaligen Kolonien der europ\u00e4ischen Seem\u00e4chte wurde der Kaffeeanbau weit gestreut, beispielsweise entstand so die Niederl\u00e4ndische Ostindienkompanie die mit dem Kaffeeanbau im heutigen Indonesien viel Geld verdient. Zur Anfangszeit war Kaffee ein absolutes Luxusgut, das vor allem nur der Oberschicht zur Verf\u00fcgung stand.<\/p>\n\n\n<h2 class=\"wp-block-heading\" id=\"die-wirkung-von-kaffee-auf-europa\">Die Wirkung von Kaffee auf Europa<\/h2>\n\n\n<p>Doch diese Exklusivit\u00e4t begann sich zu ver\u00e4ndern, Kaffee wurde zunehmend f\u00fcr mehr Menschen bezahlbar. Im Laufe des 18. Jahrhunderts wurde die braune Bohne bereits f\u00fcr das B\u00fcrgertum immer erschwinglicher. Anstatt des hohen Alkoholkonsums, ein Bauer der sein eigenes Bier braute war keine Ausnahme, spielte der Kaffee eine immer gr\u00f6\u00dfere Rolle. Statt einer morgendlichen Biersuppe wurde jetzt Brot mit Kaffee oder direkt eine Kaffeesuppe verspeist. Um den Geschmack der damaligen Europ\u00e4er besser zu treffen, wurde der bittere Kaffee oft mit Milch und Honig verfeinert &#8211; auch heute noch zwei beliebte Zutaten, um den Kaffeegenuss weiter zu erh\u00f6hen.<\/p>\n\n\n\n<p>Durch diese \u00c4nderung der Trinkkultur gilt Kaffee ebenfalls als Unterst\u00fctzung f\u00fcr die Zeit der Aufkl\u00e4rung, die zur selben Zeit immer mehr Anklang fand. In neu ge\u00f6ffneten Kaffeeh\u00e4usern in ganz Europa konnten die B\u00fcrger f\u00fcr wenig Eintritt an lebhaften Diskussionen teilnehmen, Zeitung lesen und dabei das neue bittere Getr\u00e4nk genie\u00dfen. Im Gegensatz zum berauschenden Alkohol wirkt Kaffee dank des Koffeins erhellend, wachmachend und konzentrierend.<\/p>\n\n\n\n<p>Heutzutage werden t\u00e4glich rund 2 Milliarden Tassen verschiedenster Kaffeevariationen getrunken &#8211; und Kaffee gewinnt immer noch zurecht an Beliebtheit. Die Bohnen wirken nicht nur gesundheitsf\u00f6rdernd, das Koffein hilft uns wach zu bleiben und uns zu konzentrieren.<\/p>\n\n\n\n<div class=\"wp-block-image\"><figure class=\"aligncenter size-full\"><a href=\"https:\/\/www.coffeemakers.de\/kaffee\/espresso-marese-kaffee\"><img loading=\"lazy\" decoding=\"async\" width=\"350\" height=\"497\" src=\"https:\/\/www.coffeemakers.de\/wpcm\/wp-content\/uploads\/2021\/06\/bannner-marese.jpg\" alt=\"Dampfende Kaffeetasse auf einem Haufen Kaffeebohnen mit Mareselogo.\" class=\"wp-image-4793\" srcset=\"https:\/\/www.coffeemakers.de\/wpcm\/wp-content\/uploads\/2021\/06\/bannner-marese.jpg 350w, https:\/\/www.coffeemakers.de\/wpcm\/wp-content\/uploads\/2021\/06\/bannner-marese-211x300.jpg 211w, https:\/\/www.coffeemakers.de\/wpcm\/wp-content\/uploads\/2021\/06\/bannner-marese-176x250.jpg 176w\" sizes=\"auto, (max-width: 350px) 100vw, 350px\" \/><\/a><\/figure><\/div>\n\n\n\n<p>Sollten Sie auf der Suche nach qualitativ hochwertigen Kaffeebohnen sein, bieten wir Ihnen ein breites Sortiment verschiedenster Kaffeebohnen an.<\/p>\n","protected":false},"excerpt":{"rendered":"<p>Kaffee ist heutzutage unbestreitbar eines der beliebtesten Getr\u00e4nke weltweit, doch wie kam es \u00fcberhaupt dazu?<\/p>\n","protected":false},"author":3,"featured_media":5582,"comment_status":"closed","ping_status":"closed","sticky":false,"template":"","format":"standard","meta":{"footnotes":""},"categories":[71],"tags":[14],"class_list":["post-5581","post","type-post","status-publish","format-standard","has-post-thumbnail","hentry","category-coffeemakers-magazin","tag-kaffee"],"yoast_head":"<!-- This site is optimized with the Yoast SEO plugin v27.3 - https:\/\/yoast.com\/product\/yoast-seo-wordpress\/ -->\n<title>Wie Kaffee Europa ver\u00e4nderte - Coffeemakers Magazin<\/title>\n<meta name=\"description\" content=\"Kaffee ist eines der beliebtesten Hei\u00dfgetr\u00e4nke, doch wie haben die braunen Bohnen ihren Weg nach Europa gefunden? \u2192 hier informieren\" \/>\n<meta name=\"robots\" content=\"index, follow, max-snippet:-1, max-image-preview:large, max-video-preview:-1\" \/>\n<link rel=\"canonical\" href=\"https:\/\/www.coffeemakers.de\/wpcm\/wie-kaffee-europa-veraenderte\/\" \/>\n<meta property=\"og:locale\" content=\"de_DE\" \/>\n<meta property=\"og:type\" content=\"article\" \/>\n<meta property=\"og:title\" content=\"Wie Kaffee Europa ver\u00e4nderte - Coffeemakers Magazin\" \/>\n<meta property=\"og:description\" content=\"Kaffee ist eines der beliebtesten Hei\u00dfgetr\u00e4nke, doch wie haben die braunen Bohnen ihren Weg nach Europa gefunden? \u2192 hier informieren\" \/>\n<meta property=\"og:url\" content=\"https:\/\/www.coffeemakers.de\/wpcm\/wie-kaffee-europa-veraenderte\/\" \/>\n<meta property=\"og:site_name\" content=\"Coffeemakers Magazin\" \/>\n<meta property=\"article:published_time\" content=\"2021-11-29T08:53:00+00:00\" \/>\n<meta property=\"og:image\" content=\"https:\/\/www.coffeemakers.de\/wpcm\/wp-content\/uploads\/2021\/11\/Kaffeebohnen.jpg\" \/>\n\t<meta property=\"og:image:width\" content=\"1024\" \/>\n\t<meta property=\"og:image:height\" content=\"380\" \/>\n\t<meta property=\"og:image:type\" content=\"image\/jpeg\" \/>\n<meta name=\"author\" content=\"Coffeemakers Redaktion\" \/>\n<meta name=\"twitter:card\" content=\"summary_large_image\" \/>\n<meta name=\"twitter:label1\" content=\"Verfasst von\" \/>\n\t<meta name=\"twitter:data1\" content=\"Coffeemakers Redaktion\" \/>\n\t<meta name=\"twitter:label2\" content=\"Gesch\u00e4tzte Lesezeit\" \/>\n\t<meta name=\"twitter:data2\" content=\"3\u00a0Minuten\" \/>\n<script type=\"application\/ld+json\" class=\"yoast-schema-graph\">{\"@context\":\"https:\\\/\\\/schema.org\",\"@graph\":[{\"@type\":\"Article\",\"@id\":\"https:\\\/\\\/www.coffeemakers.de\\\/wpcm\\\/wie-kaffee-europa-veraenderte\\\/#article\",\"isPartOf\":{\"@id\":\"https:\\\/\\\/www.coffeemakers.de\\\/wpcm\\\/wie-kaffee-europa-veraenderte\\\/\"},\"author\":{\"name\":\"Coffeemakers Redaktion\",\"@id\":\"https:\\\/\\\/www.coffeemakers.de\\\/wpcm\\\/#\\\/schema\\\/person\\\/982e146c82954ad9882cc636b386af81\"},\"headline\":\"Wie Kaffee Europa ver\u00e4nderte\",\"datePublished\":\"2021-11-29T08:53:00+00:00\",\"mainEntityOfPage\":{\"@id\":\"https:\\\/\\\/www.coffeemakers.de\\\/wpcm\\\/wie-kaffee-europa-veraenderte\\\/\"},\"wordCount\":580,\"publisher\":{\"@id\":\"https:\\\/\\\/www.coffeemakers.de\\\/wpcm\\\/#organization\"},\"image\":{\"@id\":\"https:\\\/\\\/www.coffeemakers.de\\\/wpcm\\\/wie-kaffee-europa-veraenderte\\\/#primaryimage\"},\"thumbnailUrl\":\"https:\\\/\\\/www.coffeemakers.de\\\/wpcm\\\/wp-content\\\/uploads\\\/2021\\\/11\\\/Kaffeebohnen.jpg\",\"keywords\":[\"Kaffee\"],\"articleSection\":[\"Coffeemakers Magazin\"],\"inLanguage\":\"de\"},{\"@type\":\"WebPage\",\"@id\":\"https:\\\/\\\/www.coffeemakers.de\\\/wpcm\\\/wie-kaffee-europa-veraenderte\\\/\",\"url\":\"https:\\\/\\\/www.coffeemakers.de\\\/wpcm\\\/wie-kaffee-europa-veraenderte\\\/\",\"name\":\"Wie Kaffee Europa ver\u00e4nderte - Coffeemakers Magazin\",\"isPartOf\":{\"@id\":\"https:\\\/\\\/www.coffeemakers.de\\\/wpcm\\\/#website\"},\"primaryImageOfPage\":{\"@id\":\"https:\\\/\\\/www.coffeemakers.de\\\/wpcm\\\/wie-kaffee-europa-veraenderte\\\/#primaryimage\"},\"image\":{\"@id\":\"https:\\\/\\\/www.coffeemakers.de\\\/wpcm\\\/wie-kaffee-europa-veraenderte\\\/#primaryimage\"},\"thumbnailUrl\":\"https:\\\/\\\/www.coffeemakers.de\\\/wpcm\\\/wp-content\\\/uploads\\\/2021\\\/11\\\/Kaffeebohnen.jpg\",\"datePublished\":\"2021-11-29T08:53:00+00:00\",\"description\":\"Kaffee ist eines der beliebtesten Hei\u00dfgetr\u00e4nke, doch wie haben die braunen Bohnen ihren Weg nach Europa gefunden? \u2192 hier informieren\",\"breadcrumb\":{\"@id\":\"https:\\\/\\\/www.coffeemakers.de\\\/wpcm\\\/wie-kaffee-europa-veraenderte\\\/#breadcrumb\"},\"inLanguage\":\"de\",\"potentialAction\":[{\"@type\":\"ReadAction\",\"target\":[\"https:\\\/\\\/www.coffeemakers.de\\\/wpcm\\\/wie-kaffee-europa-veraenderte\\\/\"]}]},{\"@type\":\"ImageObject\",\"inLanguage\":\"de\",\"@id\":\"https:\\\/\\\/www.coffeemakers.de\\\/wpcm\\\/wie-kaffee-europa-veraenderte\\\/#primaryimage\",\"url\":\"https:\\\/\\\/www.coffeemakers.de\\\/wpcm\\\/wp-content\\\/uploads\\\/2021\\\/11\\\/Kaffeebohnen.jpg\",\"contentUrl\":\"https:\\\/\\\/www.coffeemakers.de\\\/wpcm\\\/wp-content\\\/uploads\\\/2021\\\/11\\\/Kaffeebohnen.jpg\",\"width\":1024,\"height\":380,\"caption\":\"Bild von Kaffeebohnen auf einer Unterlage.\"},{\"@type\":\"BreadcrumbList\",\"@id\":\"https:\\\/\\\/www.coffeemakers.de\\\/wpcm\\\/wie-kaffee-europa-veraenderte\\\/#breadcrumb\",\"itemListElement\":[{\"@type\":\"ListItem\",\"position\":1,\"name\":\"Startseite\",\"item\":\"https:\\\/\\\/www.coffeemakers.de\\\/wpcm\\\/\"},{\"@type\":\"ListItem\",\"position\":2,\"name\":\"Wie Kaffee Europa ver\u00e4nderte\"}]},{\"@type\":\"WebSite\",\"@id\":\"https:\\\/\\\/www.coffeemakers.de\\\/wpcm\\\/#website\",\"url\":\"https:\\\/\\\/www.coffeemakers.de\\\/wpcm\\\/\",\"name\":\"Coffeemakers Magazin\",\"description\":\"\",\"publisher\":{\"@id\":\"https:\\\/\\\/www.coffeemakers.de\\\/wpcm\\\/#organization\"},\"potentialAction\":[{\"@type\":\"SearchAction\",\"target\":{\"@type\":\"EntryPoint\",\"urlTemplate\":\"https:\\\/\\\/www.coffeemakers.de\\\/wpcm\\\/?s={search_term_string}\"},\"query-input\":{\"@type\":\"PropertyValueSpecification\",\"valueRequired\":true,\"valueName\":\"search_term_string\"}}],\"inLanguage\":\"de\"},{\"@type\":\"Organization\",\"@id\":\"https:\\\/\\\/www.coffeemakers.de\\\/wpcm\\\/#organization\",\"name\":\"Coffeemakers Magazin\",\"url\":\"https:\\\/\\\/www.coffeemakers.de\\\/wpcm\\\/\",\"logo\":{\"@type\":\"ImageObject\",\"inLanguage\":\"de\",\"@id\":\"https:\\\/\\\/www.coffeemakers.de\\\/wpcm\\\/#\\\/schema\\\/logo\\\/image\\\/\",\"url\":\"https:\\\/\\\/www.coffeemakers.de\\\/wpcm\\\/wp-content\\\/uploads\\\/2023\\\/06\\\/coffeemakers-logo-2018.png\",\"contentUrl\":\"https:\\\/\\\/www.coffeemakers.de\\\/wpcm\\\/wp-content\\\/uploads\\\/2023\\\/06\\\/coffeemakers-logo-2018.png\",\"width\":2723,\"height\":2723,\"caption\":\"Coffeemakers Magazin\"},\"image\":{\"@id\":\"https:\\\/\\\/www.coffeemakers.de\\\/wpcm\\\/#\\\/schema\\\/logo\\\/image\\\/\"}},{\"@type\":\"Person\",\"@id\":\"https:\\\/\\\/www.coffeemakers.de\\\/wpcm\\\/#\\\/schema\\\/person\\\/982e146c82954ad9882cc636b386af81\",\"name\":\"Coffeemakers Redaktion\",\"image\":{\"@type\":\"ImageObject\",\"inLanguage\":\"de\",\"@id\":\"https:\\\/\\\/www.coffeemakers.de\\\/wpcm\\\/wp-content\\\/uploads\\\/2023\\\/06\\\/cropped-cropped-coffeemakers-logo-2018-96x96.png\",\"url\":\"https:\\\/\\\/www.coffeemakers.de\\\/wpcm\\\/wp-content\\\/uploads\\\/2023\\\/06\\\/cropped-cropped-coffeemakers-logo-2018-96x96.png\",\"contentUrl\":\"https:\\\/\\\/www.coffeemakers.de\\\/wpcm\\\/wp-content\\\/uploads\\\/2023\\\/06\\\/cropped-cropped-coffeemakers-logo-2018-96x96.png\",\"caption\":\"Coffeemakers Redaktion\"},\"description\":\"Die Redaktion von Coffeemakers.de liefert ihnen alle Daten, Fakten und Hintergrundinfos, die ein Kaffeeliebhaber und stolzer Besitzer eines Kaffeevollautomaten braucht. Egal ob es dabei um den Kaffee selbst geht, seine Zubereitung, was gerade auf dem Markt f\u00fcr Kaffeevollautomaten los ist oder wie Sie dank guter Wartung und Pflege lange Freude an ihrem eigenen Ger\u00e4t haben.\",\"url\":\"https:\\\/\\\/www.coffeemakers.de\\\/wpcm\\\/author\\\/coffeemakers\\\/\"}]}<\/script>\n<!-- \/ Yoast SEO plugin. -->","yoast_head_json":{"title":"Wie Kaffee Europa ver\u00e4nderte - Coffeemakers Magazin","description":"Kaffee ist eines der beliebtesten Hei\u00dfgetr\u00e4nke, doch wie haben die braunen Bohnen ihren Weg nach Europa gefunden? \u2192 hier informieren","robots":{"index":"index","follow":"follow","max-snippet":"max-snippet:-1","max-image-preview":"max-image-preview:large","max-video-preview":"max-video-preview:-1"},"canonical":"https:\/\/www.coffeemakers.de\/wpcm\/wie-kaffee-europa-veraenderte\/","og_locale":"de_DE","og_type":"article","og_title":"Wie Kaffee Europa ver\u00e4nderte - Coffeemakers Magazin","og_description":"Kaffee ist eines der beliebtesten Hei\u00dfgetr\u00e4nke, doch wie haben die braunen Bohnen ihren Weg nach Europa gefunden? \u2192 hier informieren","og_url":"https:\/\/www.coffeemakers.de\/wpcm\/wie-kaffee-europa-veraenderte\/","og_site_name":"Coffeemakers Magazin","article_published_time":"2021-11-29T08:53:00+00:00","og_image":[{"width":1024,"height":380,"url":"https:\/\/www.coffeemakers.de\/wpcm\/wp-content\/uploads\/2021\/11\/Kaffeebohnen.jpg","type":"image\/jpeg"}],"author":"Coffeemakers Redaktion","twitter_card":"summary_large_image","twitter_misc":{"Verfasst von":"Coffeemakers Redaktion","Gesch\u00e4tzte Lesezeit":"3\u00a0Minuten"},"schema":{"@context":"https:\/\/schema.org","@graph":[{"@type":"Article","@id":"https:\/\/www.coffeemakers.de\/wpcm\/wie-kaffee-europa-veraenderte\/#article","isPartOf":{"@id":"https:\/\/www.coffeemakers.de\/wpcm\/wie-kaffee-europa-veraenderte\/"},"author":{"name":"Coffeemakers Redaktion","@id":"https:\/\/www.coffeemakers.de\/wpcm\/#\/schema\/person\/982e146c82954ad9882cc636b386af81"},"headline":"Wie Kaffee Europa ver\u00e4nderte","datePublished":"2021-11-29T08:53:00+00:00","mainEntityOfPage":{"@id":"https:\/\/www.coffeemakers.de\/wpcm\/wie-kaffee-europa-veraenderte\/"},"wordCount":580,"publisher":{"@id":"https:\/\/www.coffeemakers.de\/wpcm\/#organization"},"image":{"@id":"https:\/\/www.coffeemakers.de\/wpcm\/wie-kaffee-europa-veraenderte\/#primaryimage"},"thumbnailUrl":"https:\/\/www.coffeemakers.de\/wpcm\/wp-content\/uploads\/2021\/11\/Kaffeebohnen.jpg","keywords":["Kaffee"],"articleSection":["Coffeemakers Magazin"],"inLanguage":"de"},{"@type":"WebPage","@id":"https:\/\/www.coffeemakers.de\/wpcm\/wie-kaffee-europa-veraenderte\/","url":"https:\/\/www.coffeemakers.de\/wpcm\/wie-kaffee-europa-veraenderte\/","name":"Wie Kaffee Europa ver\u00e4nderte - Coffeemakers Magazin","isPartOf":{"@id":"https:\/\/www.coffeemakers.de\/wpcm\/#website"},"primaryImageOfPage":{"@id":"https:\/\/www.coffeemakers.de\/wpcm\/wie-kaffee-europa-veraenderte\/#primaryimage"},"image":{"@id":"https:\/\/www.coffeemakers.de\/wpcm\/wie-kaffee-europa-veraenderte\/#primaryimage"},"thumbnailUrl":"https:\/\/www.coffeemakers.de\/wpcm\/wp-content\/uploads\/2021\/11\/Kaffeebohnen.jpg","datePublished":"2021-11-29T08:53:00+00:00","description":"Kaffee ist eines der beliebtesten Hei\u00dfgetr\u00e4nke, doch wie haben die braunen Bohnen ihren Weg nach Europa gefunden? \u2192 hier informieren","breadcrumb":{"@id":"https:\/\/www.coffeemakers.de\/wpcm\/wie-kaffee-europa-veraenderte\/#breadcrumb"},"inLanguage":"de","potentialAction":[{"@type":"ReadAction","target":["https:\/\/www.coffeemakers.de\/wpcm\/wie-kaffee-europa-veraenderte\/"]}]},{"@type":"ImageObject","inLanguage":"de","@id":"https:\/\/www.coffeemakers.de\/wpcm\/wie-kaffee-europa-veraenderte\/#primaryimage","url":"https:\/\/www.coffeemakers.de\/wpcm\/wp-content\/uploads\/2021\/11\/Kaffeebohnen.jpg","contentUrl":"https:\/\/www.coffeemakers.de\/wpcm\/wp-content\/uploads\/2021\/11\/Kaffeebohnen.jpg","width":1024,"height":380,"caption":"Bild von Kaffeebohnen auf einer Unterlage."},{"@type":"BreadcrumbList","@id":"https:\/\/www.coffeemakers.de\/wpcm\/wie-kaffee-europa-veraenderte\/#breadcrumb","itemListElement":[{"@type":"ListItem","position":1,"name":"Startseite","item":"https:\/\/www.coffeemakers.de\/wpcm\/"},{"@type":"ListItem","position":2,"name":"Wie Kaffee Europa ver\u00e4nderte"}]},{"@type":"WebSite","@id":"https:\/\/www.coffeemakers.de\/wpcm\/#website","url":"https:\/\/www.coffeemakers.de\/wpcm\/","name":"Coffeemakers Magazin","description":"","publisher":{"@id":"https:\/\/www.coffeemakers.de\/wpcm\/#organization"},"potentialAction":[{"@type":"SearchAction","target":{"@type":"EntryPoint","urlTemplate":"https:\/\/www.coffeemakers.de\/wpcm\/?s={search_term_string}"},"query-input":{"@type":"PropertyValueSpecification","valueRequired":true,"valueName":"search_term_string"}}],"inLanguage":"de"},{"@type":"Organization","@id":"https:\/\/www.coffeemakers.de\/wpcm\/#organization","name":"Coffeemakers Magazin","url":"https:\/\/www.coffeemakers.de\/wpcm\/","logo":{"@type":"ImageObject","inLanguage":"de","@id":"https:\/\/www.coffeemakers.de\/wpcm\/#\/schema\/logo\/image\/","url":"https:\/\/www.coffeemakers.de\/wpcm\/wp-content\/uploads\/2023\/06\/coffeemakers-logo-2018.png","contentUrl":"https:\/\/www.coffeemakers.de\/wpcm\/wp-content\/uploads\/2023\/06\/coffeemakers-logo-2018.png","width":2723,"height":2723,"caption":"Coffeemakers Magazin"},"image":{"@id":"https:\/\/www.coffeemakers.de\/wpcm\/#\/schema\/logo\/image\/"}},{"@type":"Person","@id":"https:\/\/www.coffeemakers.de\/wpcm\/#\/schema\/person\/982e146c82954ad9882cc636b386af81","name":"Coffeemakers Redaktion","image":{"@type":"ImageObject","inLanguage":"de","@id":"https:\/\/www.coffeemakers.de\/wpcm\/wp-content\/uploads\/2023\/06\/cropped-cropped-coffeemakers-logo-2018-96x96.png","url":"https:\/\/www.coffeemakers.de\/wpcm\/wp-content\/uploads\/2023\/06\/cropped-cropped-coffeemakers-logo-2018-96x96.png","contentUrl":"https:\/\/www.coffeemakers.de\/wpcm\/wp-content\/uploads\/2023\/06\/cropped-cropped-coffeemakers-logo-2018-96x96.png","caption":"Coffeemakers Redaktion"},"description":"Die Redaktion von Coffeemakers.de liefert ihnen alle Daten, Fakten und Hintergrundinfos, die ein Kaffeeliebhaber und stolzer Besitzer eines Kaffeevollautomaten braucht. Egal ob es dabei um den Kaffee selbst geht, seine Zubereitung, was gerade auf dem Markt f\u00fcr Kaffeevollautomaten los ist oder wie Sie dank guter Wartung und Pflege lange Freude an ihrem eigenen Ger\u00e4t haben.","url":"https:\/\/www.coffeemakers.de\/wpcm\/author\/coffeemakers\/"}]}},"_links":{"self":[{"href":"https:\/\/www.coffeemakers.de\/wpcm\/wp-json\/wp\/v2\/posts\/5581","targetHints":{"allow":["GET"]}}],"collection":[{"href":"https:\/\/www.coffeemakers.de\/wpcm\/wp-json\/wp\/v2\/posts"}],"about":[{"href":"https:\/\/www.coffeemakers.de\/wpcm\/wp-json\/wp\/v2\/types\/post"}],"author":[{"embeddable":true,"href":"https:\/\/www.coffeemakers.de\/wpcm\/wp-json\/wp\/v2\/users\/3"}],"replies":[{"embeddable":true,"href":"https:\/\/www.coffeemakers.de\/wpcm\/wp-json\/wp\/v2\/comments?post=5581"}],"version-history":[{"count":8,"href":"https:\/\/www.coffeemakers.de\/wpcm\/wp-json\/wp\/v2\/posts\/5581\/revisions"}],"predecessor-version":[{"id":7540,"href":"https:\/\/www.coffeemakers.de\/wpcm\/wp-json\/wp\/v2\/posts\/5581\/revisions\/7540"}],"wp:featuredmedia":[{"embeddable":true,"href":"https:\/\/www.coffeemakers.de\/wpcm\/wp-json\/wp\/v2\/media\/5582"}],"wp:attachment":[{"href":"https:\/\/www.coffeemakers.de\/wpcm\/wp-json\/wp\/v2\/media?parent=5581"}],"wp:term":[{"taxonomy":"category","embeddable":true,"href":"https:\/\/www.coffeemakers.de\/wpcm\/wp-json\/wp\/v2\/categories?post=5581"},{"taxonomy":"post_tag","embeddable":true,"href":"https:\/\/www.coffeemakers.de\/wpcm\/wp-json\/wp\/v2\/tags?post=5581"}],"curies":[{"name":"wp","href":"https:\/\/api.w.org\/{rel}","templated":true}]}}