{"id":4615,"date":"2021-03-08T13:10:00","date_gmt":"2021-03-08T12:10:00","guid":{"rendered":"https:\/\/www.coffeemakers.de\/wpcm\/?p=4615"},"modified":"2021-03-08T09:31:25","modified_gmt":"2021-03-08T08:31:25","slug":"die-geschichte-des-irish-coffee","status":"publish","type":"post","link":"https:\/\/www.coffeemakers.de\/wpcm\/die-geschichte-des-irish-coffee\/","title":{"rendered":"Die Geschichte des Irish Coffee"},"content":{"rendered":"\n<p><strong>Am 17. M\u00e4rz ist St. Patricks Day, feiern Sie diesen Tag gemeinsam mit den Iren und einem Irish Coffee.<\/strong><\/p>\n\n\n\n<!--more-->\n\n\n\n<p>War der St. Patricks Day fr\u00fcher nur ein hochwillkommener Anlass zum Feiern in Irland und unter den irischen Auswanderern in den USA, wird er heute weltweit begangen. Als Gru\u00df an die Gr\u00fcne Insel werden zum Beispiel Kulturdenkm\u00e4ler wie der Eifelturm an diesem Tag schon mal in Gr\u00fcn angestrahlt. Zahlreiche St\u00e4dte auf der Welt folgen dem Beispiel und \u201ef\u00e4rben\u201c ihre Wahrzeichen ebenfalls gr\u00fcn.<\/p>\n\n\n\n<p>Hochbetrieb herrscht in normalen Jahren dann in den Pubs, die es auch in jeder gr\u00f6\u00dferen Stadt au\u00dferhalb Irlands gibt. Und ganz ohne Whiskey und Guinness geht dort nat\u00fcrlich kein St. Patricks Day zu ende.<\/p>\n\n\n\n<p>Leider ist auch 2021 ein Jahr, in dem vieles anders ist, als man es sich w\u00fcnschen mag. Und volle Pubs sind an diesem 17. M\u00e4rz wegen der weltweiten Coronapandemie nicht einmal denkbar. Aber wer zuhause den St. Patricks Day begehen will, f\u00fcr den haben wir uns auf die Suche nach den Urspr\u00fcngen des Irish Coffee gemacht.<\/p>\n\n\n<h2 class=\"wp-block-heading\" id=\"der-1-irish-coffee-sollte-durchgefrorene-reisende-waermen\">Der 1. Irish Coffee sollte durchgefrorene Reisende w\u00e4rmen<\/h2>\n\n\n<p>Die Spur l\u00e4sst sich bis in die 1940er zur\u00fcckverfolgen, zu einem kleinen Restaurant in der N\u00e4he des Vorl\u00e4ufers des heutigen Shannon International Airport im Westen Irlands. Damals firmierte der Flughafen noch unter der Bezeichnung Foynes und war aus einem Flugboothafen entstanden. Joe Sheridan betrieb dort ein Restaurant, in das auch immer wieder Passagiere des Flughafens kamen. <\/p>\n\n\n\n<p>Der Legende nach soll sich eines Abends eine Handvoll durchgefrorener US-Amerikaner dort eingefunden haben, deren Anschlussflug in die USA aufgrund der schlechten Wetterbedingungen nicht starten konnte. Ihnen servierte Sheridan einen Kaffee mit einem Schuss Whiskey und einer Sahnehaube zum Aufw\u00e4rmen. Der Irisch Coffee war geboren.<\/p>\n\n\n\n<div class=\"wp-block-image\"><figure class=\"alignright size-large\"><a href=\"https:\/\/www.coffeemakers.de\/marese-cafe-grande-1000g\"><img decoding=\"async\" src=\"https:\/\/www.coffeemakers.de\/media\/image\/product\/11740\/md\/marese-cafe-grande-1000g.jpg\" alt=\"\"\/><\/a><figcaption><a href=\"https:\/\/www.coffeemakers.de\/marese-cafe-grande-1000g\">Marese Caf\u00e9 Crema Grande<br><strong>im Online-Shop bestellen<\/strong><\/a><\/figcaption><\/figure><\/div>\n\n\n\n<p>Weltweit bekannt wurde der Irish Whiskey allerdings erst nachdem Reisejournalist und Pulitzer-Preistr\u00e4ger Stanton Delaplane in den USA zuf\u00e4llig davon h\u00f6rte und es wert fand f\u00fcr die Geschichte nach Irland zu reisen. Gut zehn Jahre nach seiner Erfindung setzte die Kaffeespezialit\u00e4t sich zun\u00e4chst vor allem in Restaurants und Bars in den USA durch, von dort aus eroberte er schlie\u00dflich den Rest der Welt.<\/p>\n\n\n<h2 class=\"wp-block-heading\" id=\"so-breiteten-sie-einen-irish-coffee-zu\">So breiteten Sie einen Irish Coffee zu<\/h2>\n\n\n<p>F\u00fcr einen Irish Coffee ben\u00f6tigen Sie folgende Zutaten:<\/p>\n\n\n\n<ul class=\"wp-block-list\"><li>ca. 250 ml Kaffee<\/li><li>4 cl Whiskey<\/li><li>1 TL Zucker<\/li><li>50 ml Sahne<\/li><\/ul>\n\n\n\n<p>Klassischerweise verwenden viele f\u00fcr einen Irish Coffee noch immer Filterkaffee. Wir empfehlen allerdings die Zubereitung mit dem Kaffeevollautomaten. Dazu eignet sich ein typischer Caf\u00e9 Crema besonders gut, zum Beispiel unser <a href=\"https:\/\/www.coffeemakers.de\/marese-cafe-grande-1000g\" rel=\"sponsored nofollow\">Marese Caf\u00e9 Grande<\/a>. Bereiten Sie also einfach eine frische Tasse Kaffee zu, am besten schon in einem hohen Glas, in dem Sie den Irish Coffee sp\u00e4ter servieren m\u00f6chten.<\/p>\n\n\n\n<p>Idealerweis erhitzen Sie auch den Whiskey schon etwas, dann l\u00f6st sich der Zucker darin besser auf. Diesen geben Sie anschlie\u00dfend in den Kaffee.<\/p>\n\n\n\n<p>Abgeschlossen wird alles mit frischer Schlagsahne, traditionell eher locker als steif geschlagen.<\/p>\n","protected":false},"excerpt":{"rendered":"<p>Am 17. M\u00e4rz ist St. Patricks Day, feiern Sie diesen Tag gemeinsam mit den Iren und einem Irish Coffee.<\/p>\n","protected":false},"author":3,"featured_media":4616,"comment_status":"closed","ping_status":"open","sticky":false,"template":"","format":"standard","meta":{"footnotes":""},"categories":[71],"tags":[182,25,183],"class_list":["post-4615","post","type-post","status-publish","format-standard","has-post-thumbnail","hentry","category-coffeemakers-magazin","tag-irish-coffee","tag-kaffeegeschichte","tag-rezept"],"yoast_head":"<!-- This site is optimized with the Yoast SEO plugin v27.3 - https:\/\/yoast.com\/product\/yoast-seo-wordpress\/ -->\n<title>Die Geschichte des Irish Coffee - Coffeemakers Magazin<\/title>\n<meta name=\"description\" content=\"Am 17. M\u00e4rz ist wieder St. Patricks Day, feiern Sie diesen Tag gemeinsam mit den Iren und einem Irish Coffee.\" \/>\n<meta name=\"robots\" content=\"index, follow, max-snippet:-1, max-image-preview:large, max-video-preview:-1\" \/>\n<link rel=\"canonical\" href=\"https:\/\/www.coffeemakers.de\/wpcm\/die-geschichte-des-irish-coffee\/\" \/>\n<meta property=\"og:locale\" content=\"de_DE\" \/>\n<meta property=\"og:type\" content=\"article\" \/>\n<meta property=\"og:title\" content=\"Die Geschichte des Irish Coffee - Coffeemakers Magazin\" \/>\n<meta property=\"og:description\" content=\"Am 17. M\u00e4rz ist wieder St. Patricks Day, feiern Sie diesen Tag gemeinsam mit den Iren und einem Irish Coffee.\" \/>\n<meta property=\"og:url\" content=\"https:\/\/www.coffeemakers.de\/wpcm\/die-geschichte-des-irish-coffee\/\" \/>\n<meta property=\"og:site_name\" content=\"Coffeemakers Magazin\" \/>\n<meta property=\"article:published_time\" content=\"2021-03-08T12:10:00+00:00\" \/>\n<meta property=\"og:image\" content=\"https:\/\/www.coffeemakers.de\/wpcm\/wp-content\/uploads\/2021\/03\/irish-coffee-rezept.jpg\" \/>\n\t<meta property=\"og:image:width\" content=\"1024\" \/>\n\t<meta property=\"og:image:height\" content=\"380\" \/>\n\t<meta property=\"og:image:type\" content=\"image\/jpeg\" \/>\n<meta name=\"author\" content=\"Coffeemakers Redaktion\" \/>\n<meta name=\"twitter:card\" content=\"summary_large_image\" \/>\n<meta name=\"twitter:label1\" content=\"Verfasst von\" \/>\n\t<meta name=\"twitter:data1\" content=\"Coffeemakers Redaktion\" \/>\n\t<meta name=\"twitter:label2\" content=\"Gesch\u00e4tzte Lesezeit\" \/>\n\t<meta name=\"twitter:data2\" content=\"3\u00a0Minuten\" \/>\n<script type=\"application\/ld+json\" class=\"yoast-schema-graph\">{\"@context\":\"https:\\\/\\\/schema.org\",\"@graph\":[{\"@type\":\"Article\",\"@id\":\"https:\\\/\\\/www.coffeemakers.de\\\/wpcm\\\/die-geschichte-des-irish-coffee\\\/#article\",\"isPartOf\":{\"@id\":\"https:\\\/\\\/www.coffeemakers.de\\\/wpcm\\\/die-geschichte-des-irish-coffee\\\/\"},\"author\":{\"name\":\"Coffeemakers Redaktion\",\"@id\":\"https:\\\/\\\/www.coffeemakers.de\\\/wpcm\\\/#\\\/schema\\\/person\\\/982e146c82954ad9882cc636b386af81\"},\"headline\":\"Die Geschichte des Irish Coffee\",\"datePublished\":\"2021-03-08T12:10:00+00:00\",\"mainEntityOfPage\":{\"@id\":\"https:\\\/\\\/www.coffeemakers.de\\\/wpcm\\\/die-geschichte-des-irish-coffee\\\/\"},\"wordCount\":502,\"publisher\":{\"@id\":\"https:\\\/\\\/www.coffeemakers.de\\\/wpcm\\\/#organization\"},\"image\":{\"@id\":\"https:\\\/\\\/www.coffeemakers.de\\\/wpcm\\\/die-geschichte-des-irish-coffee\\\/#primaryimage\"},\"thumbnailUrl\":\"https:\\\/\\\/www.coffeemakers.de\\\/wpcm\\\/wp-content\\\/uploads\\\/2021\\\/03\\\/irish-coffee-rezept.jpg\",\"keywords\":[\"Irish Coffee\",\"Kaffeegeschichte\",\"Rezept\"],\"articleSection\":[\"Coffeemakers Magazin\"],\"inLanguage\":\"de\"},{\"@type\":\"WebPage\",\"@id\":\"https:\\\/\\\/www.coffeemakers.de\\\/wpcm\\\/die-geschichte-des-irish-coffee\\\/\",\"url\":\"https:\\\/\\\/www.coffeemakers.de\\\/wpcm\\\/die-geschichte-des-irish-coffee\\\/\",\"name\":\"Die Geschichte des Irish Coffee - Coffeemakers Magazin\",\"isPartOf\":{\"@id\":\"https:\\\/\\\/www.coffeemakers.de\\\/wpcm\\\/#website\"},\"primaryImageOfPage\":{\"@id\":\"https:\\\/\\\/www.coffeemakers.de\\\/wpcm\\\/die-geschichte-des-irish-coffee\\\/#primaryimage\"},\"image\":{\"@id\":\"https:\\\/\\\/www.coffeemakers.de\\\/wpcm\\\/die-geschichte-des-irish-coffee\\\/#primaryimage\"},\"thumbnailUrl\":\"https:\\\/\\\/www.coffeemakers.de\\\/wpcm\\\/wp-content\\\/uploads\\\/2021\\\/03\\\/irish-coffee-rezept.jpg\",\"datePublished\":\"2021-03-08T12:10:00+00:00\",\"description\":\"Am 17. M\u00e4rz ist wieder St. Patricks Day, feiern Sie diesen Tag gemeinsam mit den Iren und einem Irish Coffee.\",\"breadcrumb\":{\"@id\":\"https:\\\/\\\/www.coffeemakers.de\\\/wpcm\\\/die-geschichte-des-irish-coffee\\\/#breadcrumb\"},\"inLanguage\":\"de\",\"potentialAction\":[{\"@type\":\"ReadAction\",\"target\":[\"https:\\\/\\\/www.coffeemakers.de\\\/wpcm\\\/die-geschichte-des-irish-coffee\\\/\"]}]},{\"@type\":\"ImageObject\",\"inLanguage\":\"de\",\"@id\":\"https:\\\/\\\/www.coffeemakers.de\\\/wpcm\\\/die-geschichte-des-irish-coffee\\\/#primaryimage\",\"url\":\"https:\\\/\\\/www.coffeemakers.de\\\/wpcm\\\/wp-content\\\/uploads\\\/2021\\\/03\\\/irish-coffee-rezept.jpg\",\"contentUrl\":\"https:\\\/\\\/www.coffeemakers.de\\\/wpcm\\\/wp-content\\\/uploads\\\/2021\\\/03\\\/irish-coffee-rezept.jpg\",\"width\":1024,\"height\":380},{\"@type\":\"BreadcrumbList\",\"@id\":\"https:\\\/\\\/www.coffeemakers.de\\\/wpcm\\\/die-geschichte-des-irish-coffee\\\/#breadcrumb\",\"itemListElement\":[{\"@type\":\"ListItem\",\"position\":1,\"name\":\"Startseite\",\"item\":\"https:\\\/\\\/www.coffeemakers.de\\\/wpcm\\\/\"},{\"@type\":\"ListItem\",\"position\":2,\"name\":\"Die Geschichte des Irish Coffee\"}]},{\"@type\":\"WebSite\",\"@id\":\"https:\\\/\\\/www.coffeemakers.de\\\/wpcm\\\/#website\",\"url\":\"https:\\\/\\\/www.coffeemakers.de\\\/wpcm\\\/\",\"name\":\"Coffeemakers Magazin\",\"description\":\"\",\"publisher\":{\"@id\":\"https:\\\/\\\/www.coffeemakers.de\\\/wpcm\\\/#organization\"},\"potentialAction\":[{\"@type\":\"SearchAction\",\"target\":{\"@type\":\"EntryPoint\",\"urlTemplate\":\"https:\\\/\\\/www.coffeemakers.de\\\/wpcm\\\/?s={search_term_string}\"},\"query-input\":{\"@type\":\"PropertyValueSpecification\",\"valueRequired\":true,\"valueName\":\"search_term_string\"}}],\"inLanguage\":\"de\"},{\"@type\":\"Organization\",\"@id\":\"https:\\\/\\\/www.coffeemakers.de\\\/wpcm\\\/#organization\",\"name\":\"Coffeemakers Magazin\",\"url\":\"https:\\\/\\\/www.coffeemakers.de\\\/wpcm\\\/\",\"logo\":{\"@type\":\"ImageObject\",\"inLanguage\":\"de\",\"@id\":\"https:\\\/\\\/www.coffeemakers.de\\\/wpcm\\\/#\\\/schema\\\/logo\\\/image\\\/\",\"url\":\"https:\\\/\\\/www.coffeemakers.de\\\/wpcm\\\/wp-content\\\/uploads\\\/2023\\\/06\\\/coffeemakers-logo-2018.png\",\"contentUrl\":\"https:\\\/\\\/www.coffeemakers.de\\\/wpcm\\\/wp-content\\\/uploads\\\/2023\\\/06\\\/coffeemakers-logo-2018.png\",\"width\":2723,\"height\":2723,\"caption\":\"Coffeemakers Magazin\"},\"image\":{\"@id\":\"https:\\\/\\\/www.coffeemakers.de\\\/wpcm\\\/#\\\/schema\\\/logo\\\/image\\\/\"}},{\"@type\":\"Person\",\"@id\":\"https:\\\/\\\/www.coffeemakers.de\\\/wpcm\\\/#\\\/schema\\\/person\\\/982e146c82954ad9882cc636b386af81\",\"name\":\"Coffeemakers Redaktion\",\"image\":{\"@type\":\"ImageObject\",\"inLanguage\":\"de\",\"@id\":\"https:\\\/\\\/www.coffeemakers.de\\\/wpcm\\\/wp-content\\\/uploads\\\/2023\\\/06\\\/cropped-cropped-coffeemakers-logo-2018-96x96.png\",\"url\":\"https:\\\/\\\/www.coffeemakers.de\\\/wpcm\\\/wp-content\\\/uploads\\\/2023\\\/06\\\/cropped-cropped-coffeemakers-logo-2018-96x96.png\",\"contentUrl\":\"https:\\\/\\\/www.coffeemakers.de\\\/wpcm\\\/wp-content\\\/uploads\\\/2023\\\/06\\\/cropped-cropped-coffeemakers-logo-2018-96x96.png\",\"caption\":\"Coffeemakers Redaktion\"},\"description\":\"Die Redaktion von Coffeemakers.de liefert ihnen alle Daten, Fakten und Hintergrundinfos, die ein Kaffeeliebhaber und stolzer Besitzer eines Kaffeevollautomaten braucht. Egal ob es dabei um den Kaffee selbst geht, seine Zubereitung, was gerade auf dem Markt f\u00fcr Kaffeevollautomaten los ist oder wie Sie dank guter Wartung und Pflege lange Freude an ihrem eigenen Ger\u00e4t haben.\",\"url\":\"https:\\\/\\\/www.coffeemakers.de\\\/wpcm\\\/author\\\/coffeemakers\\\/\"}]}<\/script>\n<!-- \/ Yoast SEO plugin. -->","yoast_head_json":{"title":"Die Geschichte des Irish Coffee - Coffeemakers Magazin","description":"Am 17. M\u00e4rz ist wieder St. Patricks Day, feiern Sie diesen Tag gemeinsam mit den Iren und einem Irish Coffee.","robots":{"index":"index","follow":"follow","max-snippet":"max-snippet:-1","max-image-preview":"max-image-preview:large","max-video-preview":"max-video-preview:-1"},"canonical":"https:\/\/www.coffeemakers.de\/wpcm\/die-geschichte-des-irish-coffee\/","og_locale":"de_DE","og_type":"article","og_title":"Die Geschichte des Irish Coffee - Coffeemakers Magazin","og_description":"Am 17. M\u00e4rz ist wieder St. Patricks Day, feiern Sie diesen Tag gemeinsam mit den Iren und einem Irish Coffee.","og_url":"https:\/\/www.coffeemakers.de\/wpcm\/die-geschichte-des-irish-coffee\/","og_site_name":"Coffeemakers Magazin","article_published_time":"2021-03-08T12:10:00+00:00","og_image":[{"width":1024,"height":380,"url":"https:\/\/www.coffeemakers.de\/wpcm\/wp-content\/uploads\/2021\/03\/irish-coffee-rezept.jpg","type":"image\/jpeg"}],"author":"Coffeemakers Redaktion","twitter_card":"summary_large_image","twitter_misc":{"Verfasst von":"Coffeemakers Redaktion","Gesch\u00e4tzte Lesezeit":"3\u00a0Minuten"},"schema":{"@context":"https:\/\/schema.org","@graph":[{"@type":"Article","@id":"https:\/\/www.coffeemakers.de\/wpcm\/die-geschichte-des-irish-coffee\/#article","isPartOf":{"@id":"https:\/\/www.coffeemakers.de\/wpcm\/die-geschichte-des-irish-coffee\/"},"author":{"name":"Coffeemakers Redaktion","@id":"https:\/\/www.coffeemakers.de\/wpcm\/#\/schema\/person\/982e146c82954ad9882cc636b386af81"},"headline":"Die Geschichte des Irish Coffee","datePublished":"2021-03-08T12:10:00+00:00","mainEntityOfPage":{"@id":"https:\/\/www.coffeemakers.de\/wpcm\/die-geschichte-des-irish-coffee\/"},"wordCount":502,"publisher":{"@id":"https:\/\/www.coffeemakers.de\/wpcm\/#organization"},"image":{"@id":"https:\/\/www.coffeemakers.de\/wpcm\/die-geschichte-des-irish-coffee\/#primaryimage"},"thumbnailUrl":"https:\/\/www.coffeemakers.de\/wpcm\/wp-content\/uploads\/2021\/03\/irish-coffee-rezept.jpg","keywords":["Irish Coffee","Kaffeegeschichte","Rezept"],"articleSection":["Coffeemakers Magazin"],"inLanguage":"de"},{"@type":"WebPage","@id":"https:\/\/www.coffeemakers.de\/wpcm\/die-geschichte-des-irish-coffee\/","url":"https:\/\/www.coffeemakers.de\/wpcm\/die-geschichte-des-irish-coffee\/","name":"Die Geschichte des Irish Coffee - Coffeemakers Magazin","isPartOf":{"@id":"https:\/\/www.coffeemakers.de\/wpcm\/#website"},"primaryImageOfPage":{"@id":"https:\/\/www.coffeemakers.de\/wpcm\/die-geschichte-des-irish-coffee\/#primaryimage"},"image":{"@id":"https:\/\/www.coffeemakers.de\/wpcm\/die-geschichte-des-irish-coffee\/#primaryimage"},"thumbnailUrl":"https:\/\/www.coffeemakers.de\/wpcm\/wp-content\/uploads\/2021\/03\/irish-coffee-rezept.jpg","datePublished":"2021-03-08T12:10:00+00:00","description":"Am 17. M\u00e4rz ist wieder St. Patricks Day, feiern Sie diesen Tag gemeinsam mit den Iren und einem Irish Coffee.","breadcrumb":{"@id":"https:\/\/www.coffeemakers.de\/wpcm\/die-geschichte-des-irish-coffee\/#breadcrumb"},"inLanguage":"de","potentialAction":[{"@type":"ReadAction","target":["https:\/\/www.coffeemakers.de\/wpcm\/die-geschichte-des-irish-coffee\/"]}]},{"@type":"ImageObject","inLanguage":"de","@id":"https:\/\/www.coffeemakers.de\/wpcm\/die-geschichte-des-irish-coffee\/#primaryimage","url":"https:\/\/www.coffeemakers.de\/wpcm\/wp-content\/uploads\/2021\/03\/irish-coffee-rezept.jpg","contentUrl":"https:\/\/www.coffeemakers.de\/wpcm\/wp-content\/uploads\/2021\/03\/irish-coffee-rezept.jpg","width":1024,"height":380},{"@type":"BreadcrumbList","@id":"https:\/\/www.coffeemakers.de\/wpcm\/die-geschichte-des-irish-coffee\/#breadcrumb","itemListElement":[{"@type":"ListItem","position":1,"name":"Startseite","item":"https:\/\/www.coffeemakers.de\/wpcm\/"},{"@type":"ListItem","position":2,"name":"Die Geschichte des Irish Coffee"}]},{"@type":"WebSite","@id":"https:\/\/www.coffeemakers.de\/wpcm\/#website","url":"https:\/\/www.coffeemakers.de\/wpcm\/","name":"Coffeemakers Magazin","description":"","publisher":{"@id":"https:\/\/www.coffeemakers.de\/wpcm\/#organization"},"potentialAction":[{"@type":"SearchAction","target":{"@type":"EntryPoint","urlTemplate":"https:\/\/www.coffeemakers.de\/wpcm\/?s={search_term_string}"},"query-input":{"@type":"PropertyValueSpecification","valueRequired":true,"valueName":"search_term_string"}}],"inLanguage":"de"},{"@type":"Organization","@id":"https:\/\/www.coffeemakers.de\/wpcm\/#organization","name":"Coffeemakers Magazin","url":"https:\/\/www.coffeemakers.de\/wpcm\/","logo":{"@type":"ImageObject","inLanguage":"de","@id":"https:\/\/www.coffeemakers.de\/wpcm\/#\/schema\/logo\/image\/","url":"https:\/\/www.coffeemakers.de\/wpcm\/wp-content\/uploads\/2023\/06\/coffeemakers-logo-2018.png","contentUrl":"https:\/\/www.coffeemakers.de\/wpcm\/wp-content\/uploads\/2023\/06\/coffeemakers-logo-2018.png","width":2723,"height":2723,"caption":"Coffeemakers Magazin"},"image":{"@id":"https:\/\/www.coffeemakers.de\/wpcm\/#\/schema\/logo\/image\/"}},{"@type":"Person","@id":"https:\/\/www.coffeemakers.de\/wpcm\/#\/schema\/person\/982e146c82954ad9882cc636b386af81","name":"Coffeemakers Redaktion","image":{"@type":"ImageObject","inLanguage":"de","@id":"https:\/\/www.coffeemakers.de\/wpcm\/wp-content\/uploads\/2023\/06\/cropped-cropped-coffeemakers-logo-2018-96x96.png","url":"https:\/\/www.coffeemakers.de\/wpcm\/wp-content\/uploads\/2023\/06\/cropped-cropped-coffeemakers-logo-2018-96x96.png","contentUrl":"https:\/\/www.coffeemakers.de\/wpcm\/wp-content\/uploads\/2023\/06\/cropped-cropped-coffeemakers-logo-2018-96x96.png","caption":"Coffeemakers Redaktion"},"description":"Die Redaktion von Coffeemakers.de liefert ihnen alle Daten, Fakten und Hintergrundinfos, die ein Kaffeeliebhaber und stolzer Besitzer eines Kaffeevollautomaten braucht. Egal ob es dabei um den Kaffee selbst geht, seine Zubereitung, was gerade auf dem Markt f\u00fcr Kaffeevollautomaten los ist oder wie Sie dank guter Wartung und Pflege lange Freude an ihrem eigenen Ger\u00e4t haben.","url":"https:\/\/www.coffeemakers.de\/wpcm\/author\/coffeemakers\/"}]}},"_links":{"self":[{"href":"https:\/\/www.coffeemakers.de\/wpcm\/wp-json\/wp\/v2\/posts\/4615","targetHints":{"allow":["GET"]}}],"collection":[{"href":"https:\/\/www.coffeemakers.de\/wpcm\/wp-json\/wp\/v2\/posts"}],"about":[{"href":"https:\/\/www.coffeemakers.de\/wpcm\/wp-json\/wp\/v2\/types\/post"}],"author":[{"embeddable":true,"href":"https:\/\/www.coffeemakers.de\/wpcm\/wp-json\/wp\/v2\/users\/3"}],"replies":[{"embeddable":true,"href":"https:\/\/www.coffeemakers.de\/wpcm\/wp-json\/wp\/v2\/comments?post=4615"}],"version-history":[{"count":3,"href":"https:\/\/www.coffeemakers.de\/wpcm\/wp-json\/wp\/v2\/posts\/4615\/revisions"}],"predecessor-version":[{"id":4640,"href":"https:\/\/www.coffeemakers.de\/wpcm\/wp-json\/wp\/v2\/posts\/4615\/revisions\/4640"}],"wp:featuredmedia":[{"embeddable":true,"href":"https:\/\/www.coffeemakers.de\/wpcm\/wp-json\/wp\/v2\/media\/4616"}],"wp:attachment":[{"href":"https:\/\/www.coffeemakers.de\/wpcm\/wp-json\/wp\/v2\/media?parent=4615"}],"wp:term":[{"taxonomy":"category","embeddable":true,"href":"https:\/\/www.coffeemakers.de\/wpcm\/wp-json\/wp\/v2\/categories?post=4615"},{"taxonomy":"post_tag","embeddable":true,"href":"https:\/\/www.coffeemakers.de\/wpcm\/wp-json\/wp\/v2\/tags?post=4615"}],"curies":[{"name":"wp","href":"https:\/\/api.w.org\/{rel}","templated":true}]}}